{"id":858,"date":"2026-02-10T14:29:46","date_gmt":"2026-02-10T14:29:46","guid":{"rendered":"https:\/\/eskigazeteci.com\/?p=858"},"modified":"2026-02-10T14:29:46","modified_gmt":"2026-02-10T14:29:46","slug":"elazigda-kaybolan-74-yasindaki-ibrahim-kayayi-arama-calismalari-suruyor","status":"publish","type":"post","link":"https:\/\/eskigazeteci.com\/?p=858","title":{"rendered":"Elaz\u0131\u011f&#8217;da kaybolan 74 ya\u015f\u0131ndaki \u0130brahim Kaya&#8217;y\u0131 arama \u00e7al\u0131\u015fmalar\u0131 s\u00fcr\u00fcyor"},"content":{"rendered":"<p>Merkez Esentepe Mahallesi&#x27;ndeki evinden 7 \u015eubat&#x27;ta ayr\u0131lan Kaya&#x27;dan haber alamayan yak\u0131nlar\u0131, durumu 112 Acil \u00c7a\u011fr\u0131 Merkezi&#x27;ne bildirdi.<\/p>\n<p>Bunun \u00fczerine AFAD koordinasyonunda, UMKE ve \u0130l Emniyet M\u00fcd\u00fcrl\u00fc\u011f\u00fc ile \u0130l Jandarma Komutanl\u0131\u011f\u0131 ekiplerince ba\u015flat\u0131lan arama \u00e7al\u0131\u015fmalar\u0131 3&#x27;\u00fcnc\u00fc g\u00fcn\u00fcnde devam ediyor.<\/p>\n<p>AFAD Arama Kurtarma \u015eube M\u00fcd\u00fcr\u00fc S\u00fcleyman Polat, yapt\u0131\u011f\u0131 a\u00e7\u0131klamada, belediye, \u0130l Milli E\u011fitim M\u00fcd\u00fcrl\u00fc\u011f\u00fc ve Karayollar\u0131 gibi kurumlar\u0131n yan\u0131 s\u0131ra sivil toplum kurulu\u015flar\u0131n\u0131n da destek verdi\u011fi arama faaliyetlerini 103 ki\u015fiden olu\u015fan ekiple s\u00fcrd\u00fcrd\u00fcklerini s\u00f6yledi.<\/p>\n<p>\u0130l Emniyet M\u00fcd\u00fcrl\u00fc\u011f\u00fcne ba\u011fl\u0131 dalg\u0131\u00e7 ekiplerinin sulak alanlarda faaliyet y\u00fcr\u00fctt\u00fc\u011f\u00fcn\u00fc anlatan Polat, jandarma iz takip k\u00f6pe\u011finin de aramada yer ald\u0131\u011f\u0131n\u0131 dile getirdi.<\/p>\n<p>Polat, bug\u00fcn ikiye ay\u0131rd\u0131klar\u0131 ekiplerin Fetih Ahmet Baba ve Ayd\u0131nc\u0131k b\u00f6lgelerinde \u00e7al\u0131\u015fma yapt\u0131\u011f\u0131n\u0131 belirterek, &quot;D\u00fcn yakla\u015f\u0131k 30 kilometreye yak\u0131n bir alan taram\u0131\u015ft\u0131k. Bug\u00fcn hedefimizde 10 kilometrelik alan var.&quot; ifadelerini kulland\u0131.<\/p>\n<p>&quot;TEMENN\u0130M\u0130Z VATANDA\u015eIMIZI SA\u011e SAL\u0130M BULMAK&quot;<\/p>\n<p>Vali Numan Hatipo\u011flu, arama \u00e7al\u0131\u015fmalar\u0131n\u0131n y\u00fcr\u00fct\u00fcld\u00fc\u011f\u00fc b\u00f6lgeye gelerek, yetkililerden \u00e7al\u0131\u015fmalara ili\u015fkin bilgi ald\u0131.<\/p>\n<p>Burada gazetecilere a\u00e7\u0131klamalarda bulunan Hatipo\u011flu, arama&#8230;<\/p>\n","protected":false},"excerpt":{"rendered":"<p>Elaz\u0131\u011f&#8217;da kay\u0131p ba\u015fvurusu yap\u0131lan 74 ya\u015f\u0131ndaki \u0130brahim Kaya i\u00e7in ba\u015flat\u0131lan arama \u00e7al\u0131\u015fmalar\u0131 3. g\u00fcn\u00fcnde devam ediyor.<\/p>\n","protected":false},"author":2,"featured_media":857,"comment_status":"open","ping_status":"open","sticky":false,"template":"","format":"standard","meta":{"footnotes":""},"categories":[8,6,5],"tags":[],"class_list":["post-858","post","type-post","status-publish","format-standard","has-post-thumbnail","hentry","category-arsiv","category-gundem","category-son-dakika"],"_links":{"self":[{"href":"https:\/\/eskigazeteci.com\/index.php?rest_route=\/wp\/v2\/posts\/858","targetHints":{"allow":["GET"]}}],"collection":[{"href":"https:\/\/eskigazeteci.com\/index.php?rest_route=\/wp\/v2\/posts"}],"about":[{"href":"https:\/\/eskigazeteci.com\/index.php?rest_route=\/wp\/v2\/types\/post"}],"author":[{"embeddable":true,"href":"https:\/\/eskigazeteci.com\/index.php?rest_route=\/wp\/v2\/users\/2"}],"replies":[{"embeddable":true,"href":"https:\/\/eskigazeteci.com\/index.php?rest_route=%2Fwp%2Fv2%2Fcomments&post=858"}],"version-history":[{"count":0,"href":"https:\/\/eskigazeteci.com\/index.php?rest_route=\/wp\/v2\/posts\/858\/revisions"}],"wp:featuredmedia":[{"embeddable":true,"href":"https:\/\/eskigazeteci.com\/index.php?rest_route=\/wp\/v2\/media\/857"}],"wp:attachment":[{"href":"https:\/\/eskigazeteci.com\/index.php?rest_route=%2Fwp%2Fv2%2Fmedia&parent=858"}],"wp:term":[{"taxonomy":"category","embeddable":true,"href":"https:\/\/eskigazeteci.com\/index.php?rest_route=%2Fwp%2Fv2%2Fcategories&post=858"},{"taxonomy":"post_tag","embeddable":true,"href":"https:\/\/eskigazeteci.com\/index.php?rest_route=%2Fwp%2Fv2%2Ftags&post=858"}],"curies":[{"name":"wp","href":"https:\/\/api.w.org\/{rel}","templated":true}]}}