{"id":854,"date":"2026-02-10T14:26:42","date_gmt":"2026-02-10T14:26:42","guid":{"rendered":"https:\/\/eskigazeteci.com\/?p=854"},"modified":"2026-02-10T14:26:42","modified_gmt":"2026-02-10T14:26:42","slug":"fenerbahceden-zenite-transfer-olan-jhon-durandan-itiraf","status":"publish","type":"post","link":"https:\/\/eskigazeteci.com\/?p=854","title":{"rendered":"Fenerbah\u00e7e&#8217;den Zenit&#8217;e transfer olan Jhon Duran&#8217;dan itiraf"},"content":{"rendered":"<p>Fenerbah\u00e7e &#x27;nin kiral\u0131k s\u00f6zle\u015fmesini feshetti\u011fi Jhon Duran, Zenit&#x27;e transfer oldu. Zenit, Al Nassr&#x27;dan 22 ya\u015f\u0131ndaki Kolombiyal\u0131 futbolcuyu sezon sonuna kadar kiralad\u0131.<\/p>\n<p>Jhon Duran, Zenit tercihiyle ilgili, &quot;Farkl\u0131 se\u00e7eneklerim vard\u0131 ama kul\u00fcp temsilcileri ve Wilmar Barrios [Zenit&#x27;in Kolombiyal\u0131 orta saha oyuncusu] ile g\u00f6r\u00fc\u015ft\u00fckten sonra Zenit&#x27;e transfer olmaya karar verdim.&quot; dedi.<\/p>\n<p>S\u00f6zlerine devam eden 22 ya\u015f\u0131ndaki futbolcu, &quot;Bana Zenit&#x27;in hedeflerini anlatt\u0131lar. O kadar etkilendim ki kariyerime burada devam etmek istedim. Kendim ve ailem i\u00e7in en iyi yolu se\u00e7meye \u00e7al\u0131\u015f\u0131yorum. Zenit&#x27;te ba\u015far\u0131l\u0131 ve mutlu olaca\u011f\u0131ma inan\u0131yorum.&quot; dedi.<\/p>\n<p>RUSYA&#x27;DA HEDEFLER\u0130<\/p>\n<p>&quot;Kiral\u0131k s\u00f6zle\u015fmen sezon sonuna kadar ge\u00e7erli. Zenit&#x27;te hedeflerin neler?&quot; sorusuna cevap veren Jhon Duran, &quot;Her futbolcu gibi, ben de her zaman bir numara olmak i\u00e7in \u00e7abal\u0131yorum. Tak\u0131m\u0131 \u015fampiyonlu\u011fa ve di\u011fer kuplara ta\u015f\u0131mak i\u00e7in elimden geleni yapaca\u011f\u0131m. \u00c7ok gol atmak ve tak\u0131m\u0131n geli\u015fmesine yard\u0131mc\u0131 olmak istiyorum.&quot; dedi.<\/p>\n<p>Rus ekibinin taraftarlar\u0131na mesaj g\u00f6nderen Jhon Duran, &quot;Deste\u011finiz i\u00e7in te\u015fekk\u00fcrler. Tak\u0131m i\u00e7in \u00e7ok \u00e7al\u0131\u015faca\u011f\u0131m. Antrenmanlarda ve ma\u00e7larda elimden gelenin en iyisini yapaca\u011f\u0131m. Art\u0131k ben de sizlerden birisiyim&#8230;.<\/p>\n","protected":false},"excerpt":{"rendered":"<p>Fenerbah\u00e7e&#8217;nin s\u00f6zle\u015fmesini feshetti\u011fi ve Rusya Ligi ekiplerinden Zenit&#8217;e transfer olan Jhon Duran, yeni ekibinde a\u00e7\u0131klamalarda bulundu.<\/p>\n","protected":false},"author":2,"featured_media":853,"comment_status":"open","ping_status":"open","sticky":false,"template":"","format":"standard","meta":{"footnotes":""},"categories":[8,5,7],"tags":[],"class_list":["post-854","post","type-post","status-publish","format-standard","has-post-thumbnail","hentry","category-arsiv","category-son-dakika","category-spor"],"_links":{"self":[{"href":"https:\/\/eskigazeteci.com\/index.php?rest_route=\/wp\/v2\/posts\/854","targetHints":{"allow":["GET"]}}],"collection":[{"href":"https:\/\/eskigazeteci.com\/index.php?rest_route=\/wp\/v2\/posts"}],"about":[{"href":"https:\/\/eskigazeteci.com\/index.php?rest_route=\/wp\/v2\/types\/post"}],"author":[{"embeddable":true,"href":"https:\/\/eskigazeteci.com\/index.php?rest_route=\/wp\/v2\/users\/2"}],"replies":[{"embeddable":true,"href":"https:\/\/eskigazeteci.com\/index.php?rest_route=%2Fwp%2Fv2%2Fcomments&post=854"}],"version-history":[{"count":0,"href":"https:\/\/eskigazeteci.com\/index.php?rest_route=\/wp\/v2\/posts\/854\/revisions"}],"wp:featuredmedia":[{"embeddable":true,"href":"https:\/\/eskigazeteci.com\/index.php?rest_route=\/wp\/v2\/media\/853"}],"wp:attachment":[{"href":"https:\/\/eskigazeteci.com\/index.php?rest_route=%2Fwp%2Fv2%2Fmedia&parent=854"}],"wp:term":[{"taxonomy":"category","embeddable":true,"href":"https:\/\/eskigazeteci.com\/index.php?rest_route=%2Fwp%2Fv2%2Fcategories&post=854"},{"taxonomy":"post_tag","embeddable":true,"href":"https:\/\/eskigazeteci.com\/index.php?rest_route=%2Fwp%2Fv2%2Ftags&post=854"}],"curies":[{"name":"wp","href":"https:\/\/api.w.org\/{rel}","templated":true}]}}