{"id":852,"date":"2026-02-10T14:25:11","date_gmt":"2026-02-10T14:25:11","guid":{"rendered":"https:\/\/eskigazeteci.com\/?p=852"},"modified":"2026-02-10T14:25:11","modified_gmt":"2026-02-10T14:25:11","slug":"teomandan-yeni-sarki-yorgun-mermi-bu-topraklarin-sesiyle-sesleniyor","status":"publish","type":"post","link":"https:\/\/eskigazeteci.com\/?p=852","title":{"rendered":"Teoman&#8217;dan yeni \u015fark\u0131 \u201cYorgun Mermi\u201d: Bu topraklar\u0131n sesiyle sesleniyor"},"content":{"rendered":"<p>S\u00f6z, m\u00fczik ve d\u00fczenlemesi Teoman\u2019a ait olan \u015fark\u0131n\u0131n altyap\u0131s\u0131nda bas gitar par\u00e7aya derinlik katarken, gitarlar sert ama dengeli bir yap\u0131 olu\u015fturuyor. Davul, ritmi ta\u015f\u0131yan ana unsur olarak \u00f6ne \u00e7\u0131k\u0131yor ve darbukayla birlikte Do\u011fu ile Bat\u0131 aras\u0131nda g\u00fc\u00e7l\u00fc bir ba\u011f kuruyor. D\u00fczenlemede kullan\u0131lan \u00e7ello ise \u015fark\u0131n\u0131n duygusal etkisini art\u0131rarak dramatik yap\u0131y\u0131 g\u00fc\u00e7lendiriyor.<\/p>\n<p>Teoman , bu yeni \u015fark\u0131s\u0131yla s\u0131n\u0131rlar\u0131 zorlayan \u00fcretim anlay\u0131\u015f\u0131n\u0131 bir kez daha ortaya koyuyor. \u201cYorgun Mermi\u201d, sanat\u00e7\u0131n\u0131n diskografisinde hem tematik hem de stilistik a\u00e7\u0131dan ayr\u0131 bir yerde duruyor.<\/p>\n<p>\u201c Yorgun Mermi \u201d, t\u00fcm dijital platformlarda sizlerle!<\/p>\n<p>Dip\u2019ten Yeni Single: \u201cKOKU\u201d Yay\u0131nda!<\/p>\n<p>T\u00fcrk rock m\u00fczi\u011finin \u00fcretken gruplar\u0131ndan Dip, yeni single\u2019\u0131 \u201cKOKU\u201d ile dinleyicisiyle bulu\u015ftu. 2025\u2019i \u201cBahaneler\u201d ile kapatan grup, 2026\u2019ya duygusu g\u00fc\u00e7l\u00fc ve anlat\u0131m\u0131 net bir \u00e7al\u0131\u015fmayla merhaba diyor.<\/p>\n<p>S\u00f6zleri Sercan Erdin\u00e7, bestesi Ozan Yurdakul imzas\u0131 ta\u015f\u0131yan \u201cKOKU\u201d, Dip\u2019in kendi \u00fcretim \u00e7izgisini s\u00fcrd\u00fcrd\u00fc\u011f\u00fc yeni bir single olarak \u00f6ne \u00e7\u0131k\u0131yor. Prod\u00fcksiyon s\u00fcrecini de \u00fcstlenen grup, bu \u00e7al\u0131\u015fmada \u00f6zlemek, gitmek ve kalmak aras\u0131nda s\u0131k\u0131\u015fan bir ruh h\u00e2lini merkeze al\u0131yor. Kokunun bir hat\u0131raya d\u00f6n\u00fc\u015fmesi fikri, \u015fark\u0131n\u0131n en g\u00fc\u00e7l\u00fc&#8230;<\/p>\n","protected":false},"excerpt":{"rendered":"<p>Teoman, \u201cYorgun Mermi\u201d teklisiyle sizlerle. Yorgun Mermi, darbuka ve rock gitar\u0131n\u0131 birle\u015ftiren, \u201cgrunge alaturka\u201d stilinde bir \u015fark\u0131. Temas\u0131nda T\u00fcrk&#8230;<\/p>\n","protected":false},"author":2,"featured_media":851,"comment_status":"open","ping_status":"open","sticky":false,"template":"","format":"standard","meta":{"footnotes":""},"categories":[8,6,5],"tags":[],"class_list":["post-852","post","type-post","status-publish","format-standard","has-post-thumbnail","hentry","category-arsiv","category-gundem","category-son-dakika"],"_links":{"self":[{"href":"https:\/\/eskigazeteci.com\/index.php?rest_route=\/wp\/v2\/posts\/852","targetHints":{"allow":["GET"]}}],"collection":[{"href":"https:\/\/eskigazeteci.com\/index.php?rest_route=\/wp\/v2\/posts"}],"about":[{"href":"https:\/\/eskigazeteci.com\/index.php?rest_route=\/wp\/v2\/types\/post"}],"author":[{"embeddable":true,"href":"https:\/\/eskigazeteci.com\/index.php?rest_route=\/wp\/v2\/users\/2"}],"replies":[{"embeddable":true,"href":"https:\/\/eskigazeteci.com\/index.php?rest_route=%2Fwp%2Fv2%2Fcomments&post=852"}],"version-history":[{"count":0,"href":"https:\/\/eskigazeteci.com\/index.php?rest_route=\/wp\/v2\/posts\/852\/revisions"}],"wp:featuredmedia":[{"embeddable":true,"href":"https:\/\/eskigazeteci.com\/index.php?rest_route=\/wp\/v2\/media\/851"}],"wp:attachment":[{"href":"https:\/\/eskigazeteci.com\/index.php?rest_route=%2Fwp%2Fv2%2Fmedia&parent=852"}],"wp:term":[{"taxonomy":"category","embeddable":true,"href":"https:\/\/eskigazeteci.com\/index.php?rest_route=%2Fwp%2Fv2%2Fcategories&post=852"},{"taxonomy":"post_tag","embeddable":true,"href":"https:\/\/eskigazeteci.com\/index.php?rest_route=%2Fwp%2Fv2%2Ftags&post=852"}],"curies":[{"name":"wp","href":"https:\/\/api.w.org\/{rel}","templated":true}]}}