{"id":850,"date":"2026-02-10T14:16:27","date_gmt":"2026-02-10T14:16:27","guid":{"rendered":"https:\/\/eskigazeteci.com\/?p=850"},"modified":"2026-02-10T14:16:27","modified_gmt":"2026-02-10T14:16:27","slug":"disisleri-bakani-hakan-fidan-kirgizistan-meclis-baskani-turgunbek-uulu-ile-bir-araya-geldi","status":"publish","type":"post","link":"https:\/\/eskigazeteci.com\/?p=850","title":{"rendered":"D\u0131\u015fi\u015fleri Bakan\u0131 Hakan Fidan K\u0131rg\u0131zistan Meclis Ba\u015fkan\u0131 Turgunbek uulu ile bir araya geldi"},"content":{"rendered":"<p>Bakan Fidan, Turgunbek uulu ile Ankara&#x27;da bir araya geldi.<\/p>\n","protected":false},"excerpt":{"rendered":"<p>D\u0131\u015fi\u015fleri Bakan\u0131 Hakan Fidan, K\u0131rg\u0131zistan Meclis (Jokorku Kene\u015f) Ba\u015fkan\u0131 Nurlanbek Turgunbek uulu ile g\u00f6r\u00fc\u015ft\u00fc.<\/p>\n","protected":false},"author":2,"featured_media":849,"comment_status":"open","ping_status":"open","sticky":false,"template":"","format":"standard","meta":{"footnotes":""},"categories":[8,6,5],"tags":[],"class_list":["post-850","post","type-post","status-publish","format-standard","has-post-thumbnail","hentry","category-arsiv","category-gundem","category-son-dakika"],"_links":{"self":[{"href":"https:\/\/eskigazeteci.com\/index.php?rest_route=\/wp\/v2\/posts\/850","targetHints":{"allow":["GET"]}}],"collection":[{"href":"https:\/\/eskigazeteci.com\/index.php?rest_route=\/wp\/v2\/posts"}],"about":[{"href":"https:\/\/eskigazeteci.com\/index.php?rest_route=\/wp\/v2\/types\/post"}],"author":[{"embeddable":true,"href":"https:\/\/eskigazeteci.com\/index.php?rest_route=\/wp\/v2\/users\/2"}],"replies":[{"embeddable":true,"href":"https:\/\/eskigazeteci.com\/index.php?rest_route=%2Fwp%2Fv2%2Fcomments&post=850"}],"version-history":[{"count":0,"href":"https:\/\/eskigazeteci.com\/index.php?rest_route=\/wp\/v2\/posts\/850\/revisions"}],"wp:featuredmedia":[{"embeddable":true,"href":"https:\/\/eskigazeteci.com\/index.php?rest_route=\/wp\/v2\/media\/849"}],"wp:attachment":[{"href":"https:\/\/eskigazeteci.com\/index.php?rest_route=%2Fwp%2Fv2%2Fmedia&parent=850"}],"wp:term":[{"taxonomy":"category","embeddable":true,"href":"https:\/\/eskigazeteci.com\/index.php?rest_route=%2Fwp%2Fv2%2Fcategories&post=850"},{"taxonomy":"post_tag","embeddable":true,"href":"https:\/\/eskigazeteci.com\/index.php?rest_route=%2Fwp%2Fv2%2Ftags&post=850"}],"curies":[{"name":"wp","href":"https:\/\/api.w.org\/{rel}","templated":true}]}}