{"id":848,"date":"2026-02-10T14:15:12","date_gmt":"2026-02-10T14:15:12","guid":{"rendered":"https:\/\/eskigazeteci.com\/?p=848"},"modified":"2026-02-10T14:15:12","modified_gmt":"2026-02-10T14:15:12","slug":"iran-ile-umman-arasinda-dikkat-ceken-mektup-detayi","status":"publish","type":"post","link":"https:\/\/eskigazeteci.com\/?p=848","title":{"rendered":"\u0130ran ile Umman aras\u0131nda dikkat \u00e7eken mektup detay\u0131"},"content":{"rendered":"<p>\u0130ran Ulusal G\u00fcvenlik Y\u00fcksek Konseyi Genel Sekreteri Ali Laricani, Umman&#x27;a yapt\u0131\u011f\u0131 ziyaret kapsam\u0131nda ba\u015fkent Maskat&#x27;ta Umman D\u0131\u015fi\u015fleri Bakan\u0131 Bedr bin Hamed el-Busaidi ile bir araya geldi.<\/p>\n<p>\u0130ran bas\u0131n\u0131, g\u00f6r\u00fc\u015fmede b\u00f6lgesel ve uluslararas\u0131 geli\u015fmelerin ele al\u0131nd\u0131\u011f\u0131n\u0131 ve iki \u00fclke aras\u0131ndaki ili\u015fkilerin geli\u015ftirilmesi konusunun da g\u00f6r\u00fc\u015f\u00fcld\u00fc\u011f\u00fcn\u00fc aktar\u0131rken, taraflardan ise hen\u00fcz resmi bir a\u00e7\u0131klama yap\u0131lmad\u0131.<\/p>\n<p>\u00d6te yandan Laricani&#x27;nin ABD merkezli X \u015firketinin sosyal medya hesab\u0131ndan payla\u015ft\u0131\u011f\u0131 foto\u011frafta, Busaidi ile yap\u0131lan g\u00f6r\u00fc\u015fme s\u0131ras\u0131nda oturduklar\u0131 koltuk \u00fczerinde naylon bir dosya i\u00e7erisindeki mektup dikkati \u00e7ekti.<\/p>\n<p>Uluslararas\u0131 bas\u0131n, Laricani&#x27;nin Maskat ziyaretinde \u0130ran&#x27;\u0131n n\u00fckleer m\u00fczakerelere ili\u015fkin mesaj\u0131n\u0131 iletti\u011fini yazsa da Tahran&#x27;dan hen\u00fcz bu konuda resmi bir de\u011ferlendirme gelmedi.<\/p>\n<p>Laricani, ziyaret kapsam\u0131nda Umman Sultan\u0131 Heysem bin Tar\u0131k ve Sultanl\u0131k Ofisi Bakan\u0131 Sultan bin Muhammed en-Numani ile de g\u00f6r\u00fc\u015fmeler ger\u00e7ekle\u015ftirmi\u015fti.<\/p>\n<p>Laricani&#x27;nin Umman ziyaretinin ard\u0131ndan Katar&#x27;a ge\u00e7mesi bekleniyor<\/p>\n<p>\u0130RAN \u0130LE ABD ARASINDAK\u0130 M\u00dcZAKERELER<\/p>\n<p>\u0130ran ile ABD aras\u0131nda, Haziran 2025&#x27;te \u0130srail ve ABD&#x27;nin \u0130ran&#x27;a sald\u0131r\u0131lar\u0131 sonras\u0131nda kesintiye u\u011frayan n\u00fckleer g\u00f6r\u00fc\u015fmeler, Umman &#x27;da&#8230;<\/p>\n","protected":false},"excerpt":{"rendered":"<p>\u0130ran Ulusal G\u00fcvenlik Y\u00fcksek Konseyi Genel Sekreteri Ali Laricani ile 6 \u015eubat&#8217;taki m\u00fczakerelere arac\u0131l\u0131k eden Umman D\u0131\u015fi\u015fleri Bakan\u0131 Bedr bin Hamed el-Busaidi&#8230;<\/p>\n","protected":false},"author":2,"featured_media":847,"comment_status":"open","ping_status":"open","sticky":false,"template":"","format":"standard","meta":{"footnotes":""},"categories":[8,6,5],"tags":[],"class_list":["post-848","post","type-post","status-publish","format-standard","has-post-thumbnail","hentry","category-arsiv","category-gundem","category-son-dakika"],"_links":{"self":[{"href":"https:\/\/eskigazeteci.com\/index.php?rest_route=\/wp\/v2\/posts\/848","targetHints":{"allow":["GET"]}}],"collection":[{"href":"https:\/\/eskigazeteci.com\/index.php?rest_route=\/wp\/v2\/posts"}],"about":[{"href":"https:\/\/eskigazeteci.com\/index.php?rest_route=\/wp\/v2\/types\/post"}],"author":[{"embeddable":true,"href":"https:\/\/eskigazeteci.com\/index.php?rest_route=\/wp\/v2\/users\/2"}],"replies":[{"embeddable":true,"href":"https:\/\/eskigazeteci.com\/index.php?rest_route=%2Fwp%2Fv2%2Fcomments&post=848"}],"version-history":[{"count":0,"href":"https:\/\/eskigazeteci.com\/index.php?rest_route=\/wp\/v2\/posts\/848\/revisions"}],"wp:featuredmedia":[{"embeddable":true,"href":"https:\/\/eskigazeteci.com\/index.php?rest_route=\/wp\/v2\/media\/847"}],"wp:attachment":[{"href":"https:\/\/eskigazeteci.com\/index.php?rest_route=%2Fwp%2Fv2%2Fmedia&parent=848"}],"wp:term":[{"taxonomy":"category","embeddable":true,"href":"https:\/\/eskigazeteci.com\/index.php?rest_route=%2Fwp%2Fv2%2Fcategories&post=848"},{"taxonomy":"post_tag","embeddable":true,"href":"https:\/\/eskigazeteci.com\/index.php?rest_route=%2Fwp%2Fv2%2Ftags&post=848"}],"curies":[{"name":"wp","href":"https:\/\/api.w.org\/{rel}","templated":true}]}}