{"id":846,"date":"2026-02-10T14:05:12","date_gmt":"2026-02-10T14:05:12","guid":{"rendered":"https:\/\/eskigazeteci.com\/?p=846"},"modified":"2026-02-10T14:05:12","modified_gmt":"2026-02-10T14:05:12","slug":"avrupadan-goce-fren-guvenli-ulke-duzenlemesi-kabul-edildi","status":"publish","type":"post","link":"https:\/\/eskigazeteci.com\/?p=846","title":{"rendered":"Avrupa\u2019dan g\u00f6\u00e7e fren: &#8216;G\u00fcvenli \u00fclke&#8217; d\u00fczenlemesi kabul edildi"},"content":{"rendered":"<p>Avrupa Parlamentosu (AP) milletvekilleri Genel Kurulda yap\u0131lan oylamada, AB genelinde ge\u00e7erli olacak g\u00fcvenli men\u015fe \u00fclkeler listesi olu\u015fturulmas\u0131n\u0131 onaylad\u0131.<\/p>\n<p>Oylamada d\u00fczenleme 408 oyla kabul edilirken, 184 milletvekili kar\u015f\u0131 oy kulland\u0131, 60 milletvekili \u00e7ekimser kald\u0131.<\/p>\n<p>Yeni liste kapsam\u0131nda Banglade\u015f, Kolombiya, M\u0131s\u0131r, Kosova, Hindistan, Fas ve Tunus vatanda\u015flar\u0131n\u0131n iltica ba\u015fvurular\u0131n\u0131n daha h\u0131zl\u0131 incelenmesi \u00f6ng\u00f6r\u00fcl\u00fcyor.<\/p>\n<p>Bu \u00fclkelerden gelen ba\u015fvurularda, ki\u015finin geri g\u00f6nderilmesi halinde zul\u00fcm ya da ciddi zarar riski bulundu\u011funu kan\u0131tlama y\u00fck\u00fcml\u00fcl\u00fc\u011f\u00fc ba\u015fvuru sahibine ait olacak.<\/p>\n<p>ADAY \u00dcLKELER DE &quot;G\u00dcVENL\u0130 MEN\u015eE \u00dcLKE&quot;<\/p>\n<p>D\u00fczenleme ayr\u0131ca AB&#x27;ye aday \u00fclkelerin de kural olarak &quot;g\u00fcvenli men\u015fe \u00fclke&quot; say\u0131lmas\u0131n\u0131 \u00f6ng\u00f6r\u00fcyor.<\/p>\n<p>Ancak silahl\u0131 \u00e7at\u0131\u015fma, y\u00fcksek iltica kabul oran\u0131 veya temel haklar\u0131 etkileyen yapt\u0131r\u0131mlar gibi durumlarda bu de\u011ferlendirme ask\u0131ya al\u0131nabilecek.<\/p>\n<p>Milletvekilleri ayr\u0131ca, \u00fcye devletlerin belirli ko\u015fullar\u0131n sa\u011flanmas\u0131 halinde iltica ba\u015fvurular\u0131n\u0131 &quot;g\u00fcvenli \u00fc\u00e7\u00fcnc\u00fc \u00fclke&quot; kavram\u0131 kapsam\u0131nda de\u011ferlendirebilmesine olanak tan\u0131yan d\u00fczenlemeyi de onaylad\u0131.<\/p>\n<p>Buna g\u00f6re, ba\u015fvuru sahibinin s\u00f6z konusu \u00fclkeyle aile ba\u011f\u0131, \u00f6nceki ikamet veya k\u00fclt\u00fcrel-dilsel ba\u011flant\u0131 gibi ili\u015fkilerinin&#8230;<\/p>\n","protected":false},"excerpt":{"rendered":"<p>Avrupa Parlamentosu (AP), iltica ba\u015fvurular\u0131n\u0131n daha h\u0131zl\u0131 de\u011ferlendirilmesini ama\u00e7layan ve g\u00fcvenli \u00fc\u00e7\u00fcnc\u00fc \u00fclke uygulamas\u0131 ile Avrupa Birli\u011fi (AB) \u00e7ap\u0131nda&#8230;<\/p>\n","protected":false},"author":2,"featured_media":845,"comment_status":"open","ping_status":"open","sticky":false,"template":"","format":"standard","meta":{"footnotes":""},"categories":[8,6,5],"tags":[],"class_list":["post-846","post","type-post","status-publish","format-standard","has-post-thumbnail","hentry","category-arsiv","category-gundem","category-son-dakika"],"_links":{"self":[{"href":"https:\/\/eskigazeteci.com\/index.php?rest_route=\/wp\/v2\/posts\/846","targetHints":{"allow":["GET"]}}],"collection":[{"href":"https:\/\/eskigazeteci.com\/index.php?rest_route=\/wp\/v2\/posts"}],"about":[{"href":"https:\/\/eskigazeteci.com\/index.php?rest_route=\/wp\/v2\/types\/post"}],"author":[{"embeddable":true,"href":"https:\/\/eskigazeteci.com\/index.php?rest_route=\/wp\/v2\/users\/2"}],"replies":[{"embeddable":true,"href":"https:\/\/eskigazeteci.com\/index.php?rest_route=%2Fwp%2Fv2%2Fcomments&post=846"}],"version-history":[{"count":0,"href":"https:\/\/eskigazeteci.com\/index.php?rest_route=\/wp\/v2\/posts\/846\/revisions"}],"wp:featuredmedia":[{"embeddable":true,"href":"https:\/\/eskigazeteci.com\/index.php?rest_route=\/wp\/v2\/media\/845"}],"wp:attachment":[{"href":"https:\/\/eskigazeteci.com\/index.php?rest_route=%2Fwp%2Fv2%2Fmedia&parent=846"}],"wp:term":[{"taxonomy":"category","embeddable":true,"href":"https:\/\/eskigazeteci.com\/index.php?rest_route=%2Fwp%2Fv2%2Fcategories&post=846"},{"taxonomy":"post_tag","embeddable":true,"href":"https:\/\/eskigazeteci.com\/index.php?rest_route=%2Fwp%2Fv2%2Ftags&post=846"}],"curies":[{"name":"wp","href":"https:\/\/api.w.org\/{rel}","templated":true}]}}