{"id":844,"date":"2026-02-10T13:56:22","date_gmt":"2026-02-10T13:56:22","guid":{"rendered":"https:\/\/eskigazeteci.com\/?p=844"},"modified":"2026-02-10T13:56:22","modified_gmt":"2026-02-10T13:56:22","slug":"chp-lideri-ozel-ozarslanin-iddialarina-meclis-kursusunde-yanit-verdi","status":"publish","type":"post","link":"https:\/\/eskigazeteci.com\/?p=844","title":{"rendered":"CHP lideri \u00d6zel, \u00d6zarslan&#8217;\u0131n iddialar\u0131na Meclis k\u00fcrs\u00fcs\u00fcnde yan\u0131t verdi"},"content":{"rendered":"<p>CHP Genel Ba\u015fkan\u0131 \u00d6zg\u00fcr \u00d6zel, partisinin TBMM Grup Toplant\u0131s\u0131&#x27;ndaki konu\u015fmas\u0131nda, Kahramanmara\u015f merkezli 6 \u015eubat 2023&#x27;teki depremlerin 3. y\u0131l\u0131 dolay\u0131s\u0131yla ge\u00e7en hafta deprem b\u00f6lgesindeki illeri ziyaret ettiklerini an\u0131msatt\u0131.<\/p>\n<p>Bir hafta boyunca 6 kentte 55 farkl\u0131 program ger\u00e7ekle\u015ftirdiklerini dile getiren \u00d6zel, depremlerde hayat\u0131n\u0131 kaybedenleri and\u0131. Deprem b\u00f6lgesinde ac\u0131lar\u0131n hala taze oldu\u011funu dile getiren \u00d6zel, &quot;270 bin ki\u015fi halen konteynerlerde ya\u015f\u0131yor, bar\u0131nma krizi s\u00fcr\u00fcyor. Rezerv alan ve m\u00fccbir sebep ma\u011fduriyetleri devam ediyor. E\u011fitim ve sa\u011fl\u0131ktaki s\u0131k\u0131nt\u0131lar katlan\u0131lamaz durumda.&quot; diye konu\u015ftu.<\/p>\n<p>Cumhurba\u015fkan\u0131 Recep Tayyip Erdo\u011fan&#x27;\u0131n, &quot;CHP&#x27;nin, deprem b\u00f6lgesine gitmedi\u011fini ve CHP&#x27;li belediyelerin yard\u0131m yapmad\u0131\u011f\u0131n\u0131&quot; s\u00f6yledi\u011fini hat\u0131rlatan \u00d6zel, depremlerin ard\u0131ndan bug\u00fcne kadar 55 kez deprem b\u00f6lgesindeki illeri ziyaret etti\u011fini belirtti.<\/p>\n<p>\u00d6zg\u00fcr \u00d6zel, grup toplant\u0131 salonunda, CHP&#x27;li belediyeler taraf\u0131ndan deprem b\u00f6lgesinde yap\u0131lan yard\u0131m, hizmet ve projelere ili\u015fkin video izlettirdi, \u00e7al\u0131\u015fmalarla ilgili bilgi verdi.<\/p>\n<p>Depremin ard\u0131ndan d\u00fczenlenen kampanyalar ve vergilerle 71,5 milyar dolar para topland\u0131\u011f\u0131n\u0131 iddia eden \u00d6zel, s\u00f6zlerini \u015f\u00f6yle s\u00fcrd\u00fcrd\u00fc:<\/p>\n<p>&quot;Kendileri a\u00e7\u0131klad\u0131lar,&#8230;<\/p>\n","protected":false},"excerpt":{"rendered":"<p>CHP Genel Ba\u015fkan\u0131 \u00d6zg\u00fcr \u00d6zel, Ke\u00e7i\u00f6ren Belediye Ba\u015fkan\u0131 Mesut \u00d6zarslan&#8217;a att\u0131\u011f\u0131 mesajlarla ilgili, Aileye y\u00f6nelik bir kast\u0131m varsa Allah cezam\u0131 versin&#8230;.<\/p>\n","protected":false},"author":2,"featured_media":843,"comment_status":"open","ping_status":"open","sticky":false,"template":"","format":"standard","meta":{"footnotes":""},"categories":[8,6,5],"tags":[],"class_list":["post-844","post","type-post","status-publish","format-standard","has-post-thumbnail","hentry","category-arsiv","category-gundem","category-son-dakika"],"_links":{"self":[{"href":"https:\/\/eskigazeteci.com\/index.php?rest_route=\/wp\/v2\/posts\/844","targetHints":{"allow":["GET"]}}],"collection":[{"href":"https:\/\/eskigazeteci.com\/index.php?rest_route=\/wp\/v2\/posts"}],"about":[{"href":"https:\/\/eskigazeteci.com\/index.php?rest_route=\/wp\/v2\/types\/post"}],"author":[{"embeddable":true,"href":"https:\/\/eskigazeteci.com\/index.php?rest_route=\/wp\/v2\/users\/2"}],"replies":[{"embeddable":true,"href":"https:\/\/eskigazeteci.com\/index.php?rest_route=%2Fwp%2Fv2%2Fcomments&post=844"}],"version-history":[{"count":0,"href":"https:\/\/eskigazeteci.com\/index.php?rest_route=\/wp\/v2\/posts\/844\/revisions"}],"wp:featuredmedia":[{"embeddable":true,"href":"https:\/\/eskigazeteci.com\/index.php?rest_route=\/wp\/v2\/media\/843"}],"wp:attachment":[{"href":"https:\/\/eskigazeteci.com\/index.php?rest_route=%2Fwp%2Fv2%2Fmedia&parent=844"}],"wp:term":[{"taxonomy":"category","embeddable":true,"href":"https:\/\/eskigazeteci.com\/index.php?rest_route=%2Fwp%2Fv2%2Fcategories&post=844"},{"taxonomy":"post_tag","embeddable":true,"href":"https:\/\/eskigazeteci.com\/index.php?rest_route=%2Fwp%2Fv2%2Ftags&post=844"}],"curies":[{"name":"wp","href":"https:\/\/api.w.org\/{rel}","templated":true}]}}