{"id":840,"date":"2026-02-10T13:47:52","date_gmt":"2026-02-10T13:47:52","guid":{"rendered":"https:\/\/eskigazeteci.com\/?p=840"},"modified":"2026-02-10T13:47:52","modified_gmt":"2026-02-10T13:47:52","slug":"rusyadan-abdye-tepki-adam-gibi-yaklasirsak","status":"publish","type":"post","link":"https:\/\/eskigazeteci.com\/?p=840","title":{"rendered":"Rusya&#8217;dan ABD&#8217;ye tepki! &#8216;Adam gibi yakla\u015f\u0131rsak&#8230;&#8217;"},"content":{"rendered":"<p>Rusya D\u0131\u015fi\u015fleri Bakan\u0131 Sergey Lavrov, Ukrayna\u2019daki sava\u015f\u0131 sona erdirmeye y\u00f6nelik m\u00fczakerelerin tamamlanmaktan h\u00e2l\u00e2 uzak oldu\u011funu s\u00f6yledi.<\/p>\n<p>Lavrov, s\u00fcrece ili\u015fkin \u201ca\u015f\u0131r\u0131 iyimser de\u011ferlendirmeleri\u201d reddederek, ilerleme alg\u0131s\u0131n\u0131n ger\u00e7e\u011fi yans\u0131tmad\u0131\u011f\u0131n\u0131 vurgulad\u0131.<\/p>\n<p>Kyiv Post&#x27;un aktard\u0131\u011f\u0131 habere g\u00f6re Lavrov, Rus televizyonuna yapt\u0131\u011f\u0131 a\u00e7\u0131klamada, \u201cG\u00f6r\u00fc\u015fmeler s\u00fcr\u00fcyor. \u0130kinci tur Abu Dabi\u2019de yap\u0131ld\u0131 ve \u00f6n\u00fcm\u00fczde h\u00e2l\u00e2 uzun bir yol var\u201d dedi.<\/p>\n<p>ABD Ba\u015fkan\u0131 Donald Trump\u2019\u0131n Avrupa\u2019y\u0131 ve Ukrayna Devlet Ba\u015fkan\u0131 Volodimir Zelenski\u2019yi bask\u0131 alt\u0131na ald\u0131\u011f\u0131 y\u00f6n\u00fcndeki iddialara da de\u011finen Lavrov, \u201cE\u011fer Ukrayna\u2019da bar\u0131\u015f istiyorsak bunlar\u0131n hepsi kula\u011fa ho\u015f gelebilir. Ancak hen\u00fcz o noktada de\u011filiz\u201d ifadelerini kulland\u0131.<\/p>\n<p>\u201cABD DOLARI S\u0130LAH G\u0130B\u0130 KULLANIYOR\u201d<\/p>\n<p>Rusya\u2019n\u0131n uzun s\u00fcredir savundu\u011fu d\u0131\u015f politika \u00f6nceliklerini yineleyen Lavrov, \u201c\u00e7ok kutuplu bir d\u00fcnya d\u00fczeni\u201d in\u015fa edilmesi gerekti\u011fini s\u00f6yledi. ABD\u2019yi k\u00fcresel piyasalarda dolar\u0131 \u201cbir silah gibi kullanmakla\u201d ve \u201cneo-s\u00f6m\u00fcrgeci uygulamalar\u0131\u201d s\u00fcrd\u00fcrmekle su\u00e7lad\u0131.<\/p>\n<p>SORUMLULU\u011eU WASH\u0130NGTON\u2019A Y\u00dcKLED\u0130<\/p>\n<p>Lavrov, daha \u00f6nce yapt\u0131\u011f\u0131 a\u00e7\u0131klamalarda bar\u0131\u015f s\u00fcrecindeki t\u0131kan\u0131kl\u0131\u011f\u0131n sorumlulu\u011funu Washington\u2019a y\u00fcklemi\u015fti. Lavrov, Rusya\u2019n\u0131n ge\u00e7en yaz Anchorage\u2019ta yap\u0131lan&#8230;<\/p>\n","protected":false},"excerpt":{"rendered":"<p>Rusya D\u0131\u015fi\u015fleri Bakan\u0131 Sergey Lavrov, Ukrayna ile s\u00fcren m\u00fczakerelere ili\u015fkin \u00f6nemli a\u00e7\u0131klamalarda bulundu. M\u00fczakerelerin tamamlanmaktan h\u00e2l\u00e2 uzak oldu\u011funu&#8230;<\/p>\n","protected":false},"author":2,"featured_media":839,"comment_status":"open","ping_status":"open","sticky":false,"template":"","format":"standard","meta":{"footnotes":""},"categories":[8,6,5],"tags":[],"class_list":["post-840","post","type-post","status-publish","format-standard","has-post-thumbnail","hentry","category-arsiv","category-gundem","category-son-dakika"],"_links":{"self":[{"href":"https:\/\/eskigazeteci.com\/index.php?rest_route=\/wp\/v2\/posts\/840","targetHints":{"allow":["GET"]}}],"collection":[{"href":"https:\/\/eskigazeteci.com\/index.php?rest_route=\/wp\/v2\/posts"}],"about":[{"href":"https:\/\/eskigazeteci.com\/index.php?rest_route=\/wp\/v2\/types\/post"}],"author":[{"embeddable":true,"href":"https:\/\/eskigazeteci.com\/index.php?rest_route=\/wp\/v2\/users\/2"}],"replies":[{"embeddable":true,"href":"https:\/\/eskigazeteci.com\/index.php?rest_route=%2Fwp%2Fv2%2Fcomments&post=840"}],"version-history":[{"count":0,"href":"https:\/\/eskigazeteci.com\/index.php?rest_route=\/wp\/v2\/posts\/840\/revisions"}],"wp:featuredmedia":[{"embeddable":true,"href":"https:\/\/eskigazeteci.com\/index.php?rest_route=\/wp\/v2\/media\/839"}],"wp:attachment":[{"href":"https:\/\/eskigazeteci.com\/index.php?rest_route=%2Fwp%2Fv2%2Fmedia&parent=840"}],"wp:term":[{"taxonomy":"category","embeddable":true,"href":"https:\/\/eskigazeteci.com\/index.php?rest_route=%2Fwp%2Fv2%2Fcategories&post=840"},{"taxonomy":"post_tag","embeddable":true,"href":"https:\/\/eskigazeteci.com\/index.php?rest_route=%2Fwp%2Fv2%2Ftags&post=840"}],"curies":[{"name":"wp","href":"https:\/\/api.w.org\/{rel}","templated":true}]}}