{"id":84,"date":"2026-02-06T10:32:09","date_gmt":"2026-02-06T10:32:09","guid":{"rendered":"https:\/\/eskigazeteci.com\/?p=84"},"modified":"2026-02-06T10:32:09","modified_gmt":"2026-02-06T10:32:09","slug":"haber-18","status":"publish","type":"post","link":"https:\/\/eskigazeteci.com\/?p=84","title":{"rendered":"Haber"},"content":{"rendered":"<p>Bakanl\u0131\u011f\u0131n sanal medya hesab\u0131ndan payla\u015ft\u0131\u011f\u0131 g\u00f6r\u00fcnt\u00fclerde, Mehmet\u00e7ik&#x27;in enkaz alt\u0131ndan kurtard\u0131\u011f\u0131 depremzede vatanda\u015flar\u0131n a\u00e7\u0131klamalar\u0131 ile deprem b\u00f6lgesinde y\u00fcr\u00fct\u00fclen insani yard\u0131m faaliyetleri yer ald\u0131. Bakanl\u0131ktan yap\u0131lan a\u00e7\u0131klamada, &quot;\u015eanl\u0131 ordumuz, her zaman oldu\u011fu gibi o zor g\u00fcnde de t\u00fcm g\u00fcc\u00fcyle milletimizin yard\u0131m\u0131na ko\u015ftu. 6 \u015eubat &#x27;Asr\u0131n Felaketi&#x27;nin ilk dakikalar\u0131ndan itibaren T\u00fcrk Silahl\u0131 Kuvvetlerimiz, milletinin yan\u0131nda olmak i\u00e7in s\u00fcratle b\u00f6lgeye intikal etti. O ac\u0131 sabahta \u015fehirler sessizli\u011fe g\u00f6m\u00fcl\u00fcrken umut arayan g\u00f6zlerin yan\u0131nda ilk belirenlerden biri T\u00fcrk Silahl\u0131 Kuvvetleri oldu. Enkaz alt\u0131ndaki vatanda\u015flara ula\u015fmak, arama kurtarma \u00e7al\u0131\u015fmalar\u0131na destek vermek, yaral\u0131lar\u0131 tahliye etmek ve bar\u0131nma-lojistik ihtiya\u00e7lar\u0131n\u0131 kar\u015f\u0131lamak amac\u0131yla kara, deniz ve hava unsurlar\u0131 seferber edildi. Kutsal \u00fcniforma, o g\u00fcn bir g\u00f6revden fazlas\u0131yd\u0131 ve bir milletin birbirine tutunan eli oldu&quot; denildi. (DHA)<\/p>\n<p>\u015eanl\u0131 ordumuz, her zaman oldu\u011fu gibi o zor g\u00fcnde de t\u00fcm g\u00fcc\u00fcyle milletimizin yard\u0131m\u0131na ko\u015ftu. \ud83c\uddf9\ud83c\uddf7 6 \u015eubat asr\u0131n felaketinin ilk dakikalar\u0131ndan itibaren T\u00fcrk Silahl\u0131 Kuvvetlerimiz, milletinin yan\u0131nda olmak i\u00e7in s\u00fcratle b\u00f6lgeye intikal etti. O ac\u0131 sabahta \u015fehirler sessizli\u011fe\u2026 pic.twitter.com\/EAiR49DwwN<\/p>\n<p>T\u00fcrkiye g\u00fcndeminden son dakika haberleri, bug\u00fcn ya\u015fanan en son geli\u015fmeler, siyaset g\u00fcndeminden g\u00fcncel haberler ve b\u00fct\u00fcn son dakika haberleri i\u00e7in H\u00fcrriyet&#x27;in internet haber sitesi hurriyet.com.tr; Hurriyet.com.tr haber i\u00e7erikleri kaynak g\u00f6sterilmeden al\u0131nt\u0131 yap\u0131lamaz, Kanuna ayk\u0131r\u0131 ve izinsiz olarak kopyalanamaz, ba\u015fka yerde yay\u0131nlanamaz.<\/p>\n","protected":false},"excerpt":{"rendered":"<p>Milli Savunma Bakanl\u0131\u011f\u0131 (MSB), Kahramanmara\u015f merkezli 6 \u015eubat depremlerinin 3&#8217;\u00fcnc\u00fc y\u0131l d\u00f6n\u00fcm\u00fcnde, depremde Mehmet\u00e7ik taraf\u0131ndan enkazdan kurtar\u0131lan&#8230;<\/p>\n","protected":false},"author":2,"featured_media":83,"comment_status":"open","ping_status":"open","sticky":false,"template":"","format":"standard","meta":{"footnotes":""},"categories":[8,3],"tags":[],"class_list":["post-84","post","type-post","status-publish","format-standard","has-post-thumbnail","hentry","category-arsiv","category-siyaset"],"_links":{"self":[{"href":"https:\/\/eskigazeteci.com\/index.php?rest_route=\/wp\/v2\/posts\/84","targetHints":{"allow":["GET"]}}],"collection":[{"href":"https:\/\/eskigazeteci.com\/index.php?rest_route=\/wp\/v2\/posts"}],"about":[{"href":"https:\/\/eskigazeteci.com\/index.php?rest_route=\/wp\/v2\/types\/post"}],"author":[{"embeddable":true,"href":"https:\/\/eskigazeteci.com\/index.php?rest_route=\/wp\/v2\/users\/2"}],"replies":[{"embeddable":true,"href":"https:\/\/eskigazeteci.com\/index.php?rest_route=%2Fwp%2Fv2%2Fcomments&post=84"}],"version-history":[{"count":0,"href":"https:\/\/eskigazeteci.com\/index.php?rest_route=\/wp\/v2\/posts\/84\/revisions"}],"wp:featuredmedia":[{"embeddable":true,"href":"https:\/\/eskigazeteci.com\/index.php?rest_route=\/wp\/v2\/media\/83"}],"wp:attachment":[{"href":"https:\/\/eskigazeteci.com\/index.php?rest_route=%2Fwp%2Fv2%2Fmedia&parent=84"}],"wp:term":[{"taxonomy":"category","embeddable":true,"href":"https:\/\/eskigazeteci.com\/index.php?rest_route=%2Fwp%2Fv2%2Fcategories&post=84"},{"taxonomy":"post_tag","embeddable":true,"href":"https:\/\/eskigazeteci.com\/index.php?rest_route=%2Fwp%2Fv2%2Ftags&post=84"}],"curies":[{"name":"wp","href":"https:\/\/api.w.org\/{rel}","templated":true}]}}