{"id":834,"date":"2026-02-10T13:35:09","date_gmt":"2026-02-10T13:35:09","guid":{"rendered":"https:\/\/eskigazeteci.com\/?p=834"},"modified":"2026-02-10T13:35:09","modified_gmt":"2026-02-10T13:35:09","slug":"genclik-ve-spor-bakani-osman-askin-bak-hukumet-olarak-yasa-disi-bahisle-mucadele-en-onemli-konularimizdan-birisi","status":"publish","type":"post","link":"https:\/\/eskigazeteci.com\/?p=834","title":{"rendered":"Gen\u00e7lik ve Spor Bakan\u0131 Osman A\u015fk\u0131n Bak: H\u00fck\u00fcmet olarak yasa d\u0131\u015f\u0131 bahisle m\u00fccadele en \u00f6nemli konular\u0131m\u0131zdan birisi"},"content":{"rendered":"<p>T\u00fcrkiye Futbol Federasyonu (TFF) Hasan Do\u011fan Milli Tak\u0131mlar Kamp ve E\u011fitim Tesisleri&#x27;nde ger\u00e7ekle\u015ftirilen \u015fubat ay\u0131 hakem semineri ve FIFA Kokart T\u00f6reni&#x27;ne Bakan Bak&#x27;\u0131n yan\u0131 s\u0131ra TFF Ba\u015fkan\u0131 \u0130brahim Hac\u0131osmano\u011flu, TFF y\u00f6netim kurulu \u00fcyeleri, MHK Ba\u015fkan\u0131 Ferhat G\u00fcndo\u011fdu ve hakemler kat\u0131ld\u0131.<\/p>\n<p>T\u00f6rende konu\u015fan Gen\u00e7lik ve Spor Bakan\u0131 Osman A\u015fk\u0131n Bak, \u00fcniversitede \u00f6\u011frencilik y\u0131llar\u0131nda hakem kurslar\u0131na kay\u0131t oldu\u011funu ve amat\u00f6r ma\u00e7larda g\u00f6rev ald\u0131\u011f\u0131n\u0131 belirterek s\u00f6zlerine ba\u015flad\u0131.<\/p>\n<p>Hakemlik d\u00f6neminde \u00e7ok keyif ald\u0131\u011f\u0131n\u0131n alt\u0131n\u0131 \u00e7izen Bakan Bak, &quot;Burada p\u0131r\u0131l p\u0131r\u0131l gen\u00e7ler var. Bug\u00fcn T\u00fcrk sporu i\u00e7in \u00f6nemli bir g\u00fcn. Ben de isterdim ama ba\u015fka yollara d\u00f6nd\u00fck, i\u015f hayat\u0131na ve siyasete at\u0131ld\u0131k.&quot; ifadelerini kulland\u0131.<\/p>\n<p>Futbolun t\u00fcm d\u00fcnyay\u0131 harekete ge\u00e7iren etkiye sahip oldu\u011funu dile getiren Bakan Bak, &quot;Bu b\u00fcy\u00fck spor dal\u0131nda en \u00f6nemli \u015fey adalet. Sporun en b\u00fcy\u00fck ger\u00e7e\u011fi adalet. Yap\u0131lan i\u015fin do\u011fru oldu\u011funu, adaletin yerini buldu\u011funu g\u00f6r\u00fcnce, seyirci de y\u00f6netici de futbolcu da sayg\u0131 duyuyor. En \u00f6nemli ger\u00e7ek burada. E\u011fer yapt\u0131\u011f\u0131n\u0131z i\u015fte vicdanen adaleti yerine getirdi\u011finizi d\u00fc\u015f\u00fcn\u00fcyorsan\u0131z sorun yok. Ama kas\u0131t varsa, eyyam varsa, ba\u015fka bir \u015fey varsa, o zaman sorun var. Hakemlerimiz bir s\u00fcre\u00e7ten&#8230;<\/p>\n","protected":false},"excerpt":{"rendered":"<p>Gen\u00e7lik ve Spor Bakan\u0131 Osman A\u015fk\u0131n Bak, yasa d\u0131\u015f\u0131 bahisle m\u00fccadele ettiklerini belirterek, temiz futbolun herkesin \u00f6nceli\u011fi oldu\u011funu s\u00f6yledi.<\/p>\n","protected":false},"author":2,"featured_media":833,"comment_status":"open","ping_status":"open","sticky":false,"template":"","format":"standard","meta":{"footnotes":""},"categories":[8,5,7],"tags":[],"class_list":["post-834","post","type-post","status-publish","format-standard","has-post-thumbnail","hentry","category-arsiv","category-son-dakika","category-spor"],"_links":{"self":[{"href":"https:\/\/eskigazeteci.com\/index.php?rest_route=\/wp\/v2\/posts\/834","targetHints":{"allow":["GET"]}}],"collection":[{"href":"https:\/\/eskigazeteci.com\/index.php?rest_route=\/wp\/v2\/posts"}],"about":[{"href":"https:\/\/eskigazeteci.com\/index.php?rest_route=\/wp\/v2\/types\/post"}],"author":[{"embeddable":true,"href":"https:\/\/eskigazeteci.com\/index.php?rest_route=\/wp\/v2\/users\/2"}],"replies":[{"embeddable":true,"href":"https:\/\/eskigazeteci.com\/index.php?rest_route=%2Fwp%2Fv2%2Fcomments&post=834"}],"version-history":[{"count":0,"href":"https:\/\/eskigazeteci.com\/index.php?rest_route=\/wp\/v2\/posts\/834\/revisions"}],"wp:featuredmedia":[{"embeddable":true,"href":"https:\/\/eskigazeteci.com\/index.php?rest_route=\/wp\/v2\/media\/833"}],"wp:attachment":[{"href":"https:\/\/eskigazeteci.com\/index.php?rest_route=%2Fwp%2Fv2%2Fmedia&parent=834"}],"wp:term":[{"taxonomy":"category","embeddable":true,"href":"https:\/\/eskigazeteci.com\/index.php?rest_route=%2Fwp%2Fv2%2Fcategories&post=834"},{"taxonomy":"post_tag","embeddable":true,"href":"https:\/\/eskigazeteci.com\/index.php?rest_route=%2Fwp%2Fv2%2Ftags&post=834"}],"curies":[{"name":"wp","href":"https:\/\/api.w.org\/{rel}","templated":true}]}}