{"id":832,"date":"2026-02-10T13:28:13","date_gmt":"2026-02-10T13:28:13","guid":{"rendered":"https:\/\/eskigazeteci.com\/?p=832"},"modified":"2026-02-10T13:28:13","modified_gmt":"2026-02-10T13:28:13","slug":"belediye-baskanini-kiyafeti-uzerinden-hedef-almisti-iyi-partiden-ihrac-edildi","status":"publish","type":"post","link":"https:\/\/eskigazeteci.com\/?p=832","title":{"rendered":"Belediye ba\u015fkan\u0131n\u0131 k\u0131yafeti \u00fczerinden hedef alm\u0131\u015ft\u0131: \u0130Y\u0130 Parti&#8217;den ihra\u00e7 edildi"},"content":{"rendered":"<p>Eski\u015fehir&#x27;de Mihalgazi Belediye Ba\u015fkan\u0131 Zeynep G\u00fcne\u015f aleyhinde sosyal medya hesab\u0131ndan halk\u0131 kin ve d\u00fc\u015fmanl\u0131\u011fa tahrik edici payla\u015f\u0131m yapt\u0131\u011f\u0131 gerek\u00e7esiyle yakalanan Mehmet Emin Korkmaz g\u00f6zalt\u0131 i\u015flemleri sonras\u0131 \u2018Halk\u0131 kin ve d\u00fc\u015fmanl\u0131\u011fa tahrik\u2019 su\u00e7undan tutuklanm\u0131\u015ft\u0131.<\/p>\n<p>PART\u0130S\u0130NDEN \u0130HRA\u00c7 ED\u0130LD\u0130<\/p>\n<p>\u0130Y\u0130 Parti , Mihalgazi Belediye Ba\u015fkan\u0131 Zeynep G\u00fcne\u015f &#x27;i k\u0131yafeti \u00fczerinden hedef alan Mehmet Korkmaz &#x27;\u0131 partiden ihra\u00e7 etti.<\/p>\n<p>T\u00fcrkiye g\u00fcndeminden son dakika haberleri, bug\u00fcn ya\u015fanan en son geli\u015fmeler, siyaset g\u00fcndeminden g\u00fcncel haberler ve b\u00fct\u00fcn son dakika haberleri i\u00e7in H\u00fcrriyet&#x27;in internet haber sitesi hurriyet.com.tr; Hurriyet.com.tr haber i\u00e7erikleri kaynak g\u00f6sterilmeden al\u0131nt\u0131 yap\u0131lamaz, Kanuna ayk\u0131r\u0131 ve izinsiz olarak kopyalanamaz, ba\u015fka yerde yay\u0131nlanamaz.<\/p>\n","protected":false},"excerpt":{"rendered":"<p>\u0130Y\u0130 Parti, Mihalgazi Belediye Ba\u015fkan\u0131 Zeynep G\u00fcne\u015f&#8217;i k\u0131yafeti \u00fczerinden hedef alan Mehmet Korkmaz&#8217;\u0131 partiden ihra\u00e7 etti.<\/p>\n","protected":false},"author":2,"featured_media":831,"comment_status":"open","ping_status":"open","sticky":false,"template":"","format":"standard","meta":{"footnotes":""},"categories":[8,6,5],"tags":[],"class_list":["post-832","post","type-post","status-publish","format-standard","has-post-thumbnail","hentry","category-arsiv","category-gundem","category-son-dakika"],"_links":{"self":[{"href":"https:\/\/eskigazeteci.com\/index.php?rest_route=\/wp\/v2\/posts\/832","targetHints":{"allow":["GET"]}}],"collection":[{"href":"https:\/\/eskigazeteci.com\/index.php?rest_route=\/wp\/v2\/posts"}],"about":[{"href":"https:\/\/eskigazeteci.com\/index.php?rest_route=\/wp\/v2\/types\/post"}],"author":[{"embeddable":true,"href":"https:\/\/eskigazeteci.com\/index.php?rest_route=\/wp\/v2\/users\/2"}],"replies":[{"embeddable":true,"href":"https:\/\/eskigazeteci.com\/index.php?rest_route=%2Fwp%2Fv2%2Fcomments&post=832"}],"version-history":[{"count":0,"href":"https:\/\/eskigazeteci.com\/index.php?rest_route=\/wp\/v2\/posts\/832\/revisions"}],"wp:featuredmedia":[{"embeddable":true,"href":"https:\/\/eskigazeteci.com\/index.php?rest_route=\/wp\/v2\/media\/831"}],"wp:attachment":[{"href":"https:\/\/eskigazeteci.com\/index.php?rest_route=%2Fwp%2Fv2%2Fmedia&parent=832"}],"wp:term":[{"taxonomy":"category","embeddable":true,"href":"https:\/\/eskigazeteci.com\/index.php?rest_route=%2Fwp%2Fv2%2Fcategories&post=832"},{"taxonomy":"post_tag","embeddable":true,"href":"https:\/\/eskigazeteci.com\/index.php?rest_route=%2Fwp%2Fv2%2Ftags&post=832"}],"curies":[{"name":"wp","href":"https:\/\/api.w.org\/{rel}","templated":true}]}}