{"id":830,"date":"2026-02-10T13:26:42","date_gmt":"2026-02-10T13:26:42","guid":{"rendered":"https:\/\/eskigazeteci.com\/?p=830"},"modified":"2026-02-10T13:26:42","modified_gmt":"2026-02-10T13:26:42","slug":"galatasaray-transferu-hakan-calhanoglu-ve-proje","status":"publish","type":"post","link":"https:\/\/eskigazeteci.com\/?p=830","title":{"rendered":"Galatasaray Transferu: Hakan \u00c7alhano\u011flu ve Proje"},"content":{"rendered":"<p>\u0130talyan bas\u0131na g\u00f6re, Galatasaray, gelecek sezonin ilk b\u00fcy\u00fck transfer hedeflerinden biri olacak: Hakan \u00c7alhano\u011flu. Kilit oyuncusunu kolayl\u0131kla \u00e7\u0131karmak i\u00e7in elden geleni yap\u0131yorlar. Ancak bu projeye kadar yakla\u015fmak daha da zorla\u015facak.<\/p>\n","protected":false},"excerpt":{"rendered":"<p>Galatasaray, uzun s\u00fcreki kadrosuna kat\u0131lmaya ihtiyac\u0131 olan Hakan \u00c7alhano\u011flu konusunda yeni ad\u0131msa&#8230;<\/p>\n","protected":false},"author":2,"featured_media":829,"comment_status":"open","ping_status":"open","sticky":false,"template":"","format":"standard","meta":{"footnotes":""},"categories":[8,5,7],"tags":[],"class_list":["post-830","post","type-post","status-publish","format-standard","has-post-thumbnail","hentry","category-arsiv","category-son-dakika","category-spor"],"_links":{"self":[{"href":"https:\/\/eskigazeteci.com\/index.php?rest_route=\/wp\/v2\/posts\/830","targetHints":{"allow":["GET"]}}],"collection":[{"href":"https:\/\/eskigazeteci.com\/index.php?rest_route=\/wp\/v2\/posts"}],"about":[{"href":"https:\/\/eskigazeteci.com\/index.php?rest_route=\/wp\/v2\/types\/post"}],"author":[{"embeddable":true,"href":"https:\/\/eskigazeteci.com\/index.php?rest_route=\/wp\/v2\/users\/2"}],"replies":[{"embeddable":true,"href":"https:\/\/eskigazeteci.com\/index.php?rest_route=%2Fwp%2Fv2%2Fcomments&post=830"}],"version-history":[{"count":0,"href":"https:\/\/eskigazeteci.com\/index.php?rest_route=\/wp\/v2\/posts\/830\/revisions"}],"wp:featuredmedia":[{"embeddable":true,"href":"https:\/\/eskigazeteci.com\/index.php?rest_route=\/wp\/v2\/media\/829"}],"wp:attachment":[{"href":"https:\/\/eskigazeteci.com\/index.php?rest_route=%2Fwp%2Fv2%2Fmedia&parent=830"}],"wp:term":[{"taxonomy":"category","embeddable":true,"href":"https:\/\/eskigazeteci.com\/index.php?rest_route=%2Fwp%2Fv2%2Fcategories&post=830"},{"taxonomy":"post_tag","embeddable":true,"href":"https:\/\/eskigazeteci.com\/index.php?rest_route=%2Fwp%2Fv2%2Ftags&post=830"}],"curies":[{"name":"wp","href":"https:\/\/api.w.org\/{rel}","templated":true}]}}