{"id":826,"date":"2026-02-10T13:18:11","date_gmt":"2026-02-10T13:18:11","guid":{"rendered":"https:\/\/eskigazeteci.com\/?p=826"},"modified":"2026-02-10T13:18:11","modified_gmt":"2026-02-10T13:18:11","slug":"mihalgazi-belediye-baskani-gunes-gozyaslarini-tutamadi-bu-sekilde-rencide-edilmek-hakikaten-cok-uzucu","status":"publish","type":"post","link":"https:\/\/eskigazeteci.com\/?p=826","title":{"rendered":"Mihalgazi Belediye Ba\u015fkan\u0131 G\u00fcne\u015f, g\u00f6zya\u015flar\u0131n\u0131 tutamad\u0131: Bu \u015fekilde rencide edilmek hakikaten \u00e7ok \u00fcz\u00fcc\u00fc"},"content":{"rendered":"<p>AK Parti Genel Ba\u015fkan Yard\u0131mc\u0131s\u0131 ve \u0130nsan Haklar\u0131 Ba\u015fkan\u0131 Hasan Basri Yal\u00e7\u0131n, parti genel merkezindeki makam\u0131nda, Eski\u015fehir &#x27;in Mihalgazi Belediye Ba\u015fkan\u0131 Zeynep G\u00fcne\u015f ve beraberindekileri a\u011f\u0131rlad\u0131.<\/p>\n<p>Hasan Basri Yal\u00e7\u0131n, burada, Belediye Ba\u015fkan\u0131 G\u00fcne\u015f&#x27;e y\u00f6nelik hakaret i\u00e7eren s\u00f6zl\u00fc sald\u0131r\u0131lara ili\u015fkin toplumsal ve \u00e7ok anlaml\u0131 bir tepki olu\u015ftu\u011funu s\u00f6yledi.<\/p>\n<p>Hala ba\u015f\u00f6rt\u00fcye y\u00f6nelik zihniyetin, rahats\u0131z edici tutumun, bu toplumun temel de\u011ferlerine y\u00f6nelik nefret dilinin sona ermedi\u011fine i\u015faret eden Yal\u00e7\u0131n, &quot;Hani \u015fey derlerdi. &#x27;Biz asl\u0131nda ba\u015f\u00f6rt\u00fcs\u00fcne kar\u015f\u0131 de\u011filiz, t\u00fcrbana kar\u015f\u0131y\u0131z. Annelerimiz, anneannelerimiz gibi taksan\u0131z sorun olmaz&#x27;. \u015ealvar\u0131yla, \u00f6rtmesiyle bir Anadolu kad\u0131n\u0131n\u0131 hazmedemeyecek kadar maalesef kin ve nefret dolu insanlar. Meselenin zaten hukuki s\u00fcreci de ba\u015flad\u0131. \u0130n\u015fallah bizim bunlarla, bu zihniyetle de m\u00fccadelemiz devam edecek. Zeynep Ba\u015fkan ve arkada\u015flar\u0131, tam da temsil etmesi gereken \u015feyi temsil ederek hepimizin gururu oldular.&quot; diye konu\u015ftu.<\/p>\n<p>&quot;BU \u00dcLKEDE \u00c7OK C\u0130DD\u0130 B\u0130R Z\u0130HN\u0130YET D\u00d6N\u00dc\u015e\u00dcM\u00dcNE \u0130HT\u0130YA\u00c7 VAR&quot;<\/p>\n<p>Yal\u00e7\u0131n, Zeynep G\u00fcne\u015f ve arkada\u015flar\u0131n\u0131, grup toplant\u0131s\u0131nda, partide ve te\u015fkilat toplant\u0131lar\u0131nda beyaz \u00f6rtmelerle g\u00f6rmekten memnuniyet duyduklar\u0131n\u0131 vurgulad\u0131.<\/p>\n<p>Bu t\u00fcr&#8230;<\/p>\n","protected":false},"excerpt":{"rendered":"<p>AK Parti Genel Ba\u015fkan Yard\u0131mc\u0131s\u0131 Hasan Basri Yal\u00e7\u0131n, Mihalgazi Belediye Ba\u015fkan\u0131 Zeynep G\u00fcne\u015f&#8217;i a\u011f\u0131rlad\u0131. Zeynep G\u00fcne\u015f, Ben bu \u00fclkeye k\u00f6t\u00fcl\u00fck etmedim, \u00fclkemi,&#8230;<\/p>\n","protected":false},"author":2,"featured_media":825,"comment_status":"open","ping_status":"open","sticky":false,"template":"","format":"standard","meta":{"footnotes":""},"categories":[8,6,5],"tags":[],"class_list":["post-826","post","type-post","status-publish","format-standard","has-post-thumbnail","hentry","category-arsiv","category-gundem","category-son-dakika"],"_links":{"self":[{"href":"https:\/\/eskigazeteci.com\/index.php?rest_route=\/wp\/v2\/posts\/826","targetHints":{"allow":["GET"]}}],"collection":[{"href":"https:\/\/eskigazeteci.com\/index.php?rest_route=\/wp\/v2\/posts"}],"about":[{"href":"https:\/\/eskigazeteci.com\/index.php?rest_route=\/wp\/v2\/types\/post"}],"author":[{"embeddable":true,"href":"https:\/\/eskigazeteci.com\/index.php?rest_route=\/wp\/v2\/users\/2"}],"replies":[{"embeddable":true,"href":"https:\/\/eskigazeteci.com\/index.php?rest_route=%2Fwp%2Fv2%2Fcomments&post=826"}],"version-history":[{"count":0,"href":"https:\/\/eskigazeteci.com\/index.php?rest_route=\/wp\/v2\/posts\/826\/revisions"}],"wp:featuredmedia":[{"embeddable":true,"href":"https:\/\/eskigazeteci.com\/index.php?rest_route=\/wp\/v2\/media\/825"}],"wp:attachment":[{"href":"https:\/\/eskigazeteci.com\/index.php?rest_route=%2Fwp%2Fv2%2Fmedia&parent=826"}],"wp:term":[{"taxonomy":"category","embeddable":true,"href":"https:\/\/eskigazeteci.com\/index.php?rest_route=%2Fwp%2Fv2%2Fcategories&post=826"},{"taxonomy":"post_tag","embeddable":true,"href":"https:\/\/eskigazeteci.com\/index.php?rest_route=%2Fwp%2Fv2%2Ftags&post=826"}],"curies":[{"name":"wp","href":"https:\/\/api.w.org\/{rel}","templated":true}]}}