{"id":822,"date":"2026-02-10T13:15:08","date_gmt":"2026-02-10T13:15:08","guid":{"rendered":"https:\/\/eskigazeteci.com\/?p=822"},"modified":"2026-02-10T13:15:08","modified_gmt":"2026-02-10T13:15:08","slug":"unlu-sarkici-80-erkek-arkadasi-40-yasinda-yakinlari-cok-endiseli-ona-ayak-uydurmak-icin-kendini-paraliyor","status":"publish","type":"post","link":"https:\/\/eskigazeteci.com\/?p=822","title":{"rendered":"\u00dcnl\u00fc \u015fark\u0131c\u0131 80, erkek arkada\u015f\u0131 40 ya\u015f\u0131nda\u2026 Yak\u0131nlar\u0131 \u00e7ok endi\u015feli\u2026 \u2018Ona ayak uydurmak i\u00e7in kendini paral\u0131yor\u2019"},"content":{"rendered":"<p>Aradan aylar de\u011fil y\u0131llar ge\u00e7ti ve y\u0131llar\u0131n efsane \u015fark\u0131c\u0131s\u0131yla \u00fcnl\u00fc m\u00fczik yap\u0131mc\u0131s\u0131n\u0131n ili\u015fkisi sapasa\u011flam ayakta kald\u0131\u2026<\/p>\n<p>Ancak yak\u0131n \u00e7evresinden gelen son haberlere g\u00f6re \u00fcnl\u00fc \u015fark\u0131c\u0131 Cher i\u00e7in endi\u015feler giderek art\u0131yor. Ve art\u0131k bu endi\u015feler kendinden bir hayli gen\u00e7 sevgilisinin onun \u015f\u00f6hretini ve servetini kendi \u00e7\u0131kar\u0131 i\u00e7in kullan\u0131yor olma ihtimaliyle ilgili de\u011fil\u2026<\/p>\n<p>Son olarak 2026 Grammy \u00d6d\u00fclleri&#x27;nde sahneye \u00e7\u0131kan ve Ya\u015fam Boyu Ba\u015far\u0131 \u00d6d\u00fcl\u00fc ile onurland\u0131r\u0131lan efsane \u015fark\u0131c\u0131 kendi \u00f6d\u00fcl\u00fcn\u00fc ald\u0131ktan sonra gecenin en b\u00fcy\u00fck \u00f6d\u00fcllerinden biri olan &quot;Y\u0131l\u0131n Kayd\u0131&quot; (Record of the Year) \u00f6d\u00fcl\u00fcn\u00fc de sundu.<\/p>\n<p>Ancak Cher zarf\u0131 a\u00e7t\u0131\u011f\u0131nda, kazanan\u0131n 2005 y\u0131l\u0131nda vefat eden efsanevi sanat\u00e7\u0131 Luther Vandross oldu\u011funu anons etti. Asl\u0131nda kazanan, Kendrick Lamar ve SZA\u2019n\u0131n Luther Vandross&#x27;a sayg\u0131 duru\u015fu niteli\u011fi ta\u015f\u0131yan ve ismini ondan alan &quot;Luther&quot; adl\u0131 \u015fark\u0131s\u0131yd\u0131.<\/p>\n<p>\u00dcnl\u00fc y\u0131ld\u0131z durumu ge\u00e7i\u015ftirmeye \u00e7al\u0131\u015fsa da hem bu hatas\u0131 hem de t\u00f6rendeki tuhaf halleri ve yorgun g\u00f6r\u00fcnt\u00fcs\u00fc sevenlerini endi\u015felendirdi. \u00dcnl\u00fc \u015fark\u0131c\u0131n\u0131n ilerleyen ya\u015f\u0131yla birlikte demansa yakalanm\u0131\u015f olabilece\u011fi bile d\u00fc\u015f\u00fcn\u00fcld\u00fc.<\/p>\n<p>Son bir alb\u00fcm yapmak isteyen bu veda alb\u00fcm\u00fc i\u00e7in \u00e7al\u0131\u015fmaya ba\u015flayan Cher\u2019in kendini \u00e7ok yordu\u011fu ve bu y\u00fczden&#8230;<\/p>\n","protected":false},"excerpt":{"rendered":"<p>Ba\u015flarda herkes bunun ge\u00e7ici bir heves oldu\u011funu d\u00fc\u015f\u00fcnm\u00fc\u015f, iki \u00fcnl\u00fc ismin s\u0131ra d\u0131\u015f\u0131 g\u00f6r\u00fcnen a\u015fk\u0131na inanmakta zorlanm\u0131\u015flard\u0131.<\/p>\n","protected":false},"author":2,"featured_media":821,"comment_status":"open","ping_status":"open","sticky":false,"template":"","format":"standard","meta":{"footnotes":""},"categories":[8,6,5],"tags":[],"class_list":["post-822","post","type-post","status-publish","format-standard","has-post-thumbnail","hentry","category-arsiv","category-gundem","category-son-dakika"],"_links":{"self":[{"href":"https:\/\/eskigazeteci.com\/index.php?rest_route=\/wp\/v2\/posts\/822","targetHints":{"allow":["GET"]}}],"collection":[{"href":"https:\/\/eskigazeteci.com\/index.php?rest_route=\/wp\/v2\/posts"}],"about":[{"href":"https:\/\/eskigazeteci.com\/index.php?rest_route=\/wp\/v2\/types\/post"}],"author":[{"embeddable":true,"href":"https:\/\/eskigazeteci.com\/index.php?rest_route=\/wp\/v2\/users\/2"}],"replies":[{"embeddable":true,"href":"https:\/\/eskigazeteci.com\/index.php?rest_route=%2Fwp%2Fv2%2Fcomments&post=822"}],"version-history":[{"count":0,"href":"https:\/\/eskigazeteci.com\/index.php?rest_route=\/wp\/v2\/posts\/822\/revisions"}],"wp:featuredmedia":[{"embeddable":true,"href":"https:\/\/eskigazeteci.com\/index.php?rest_route=\/wp\/v2\/media\/821"}],"wp:attachment":[{"href":"https:\/\/eskigazeteci.com\/index.php?rest_route=%2Fwp%2Fv2%2Fmedia&parent=822"}],"wp:term":[{"taxonomy":"category","embeddable":true,"href":"https:\/\/eskigazeteci.com\/index.php?rest_route=%2Fwp%2Fv2%2Fcategories&post=822"},{"taxonomy":"post_tag","embeddable":true,"href":"https:\/\/eskigazeteci.com\/index.php?rest_route=%2Fwp%2Fv2%2Ftags&post=822"}],"curies":[{"name":"wp","href":"https:\/\/api.w.org\/{rel}","templated":true}]}}