{"id":820,"date":"2026-02-10T13:05:10","date_gmt":"2026-02-10T13:05:10","guid":{"rendered":"https:\/\/eskigazeteci.com\/?p=820"},"modified":"2026-02-10T13:05:10","modified_gmt":"2026-02-10T13:05:10","slug":"pfdkdan-3-super-lig-takimina-para-cezasi","status":"publish","type":"post","link":"https:\/\/eskigazeteci.com\/?p=820","title":{"rendered":"PFDK&#8217;dan 3 S\u00fcper Lig tak\u0131m\u0131na para cezas\u0131"},"content":{"rendered":"<p>TFF&#x27;den yap\u0131lan a\u00e7\u0131klamaya g\u00f6re kurul, Fenerbah\u00e7e &#x27;ye, Ziraat T\u00fcrkiye Kupas\u0131 ma\u00e7lar\u0131nda taraftarlar\u0131n\u0131n neden oldu\u011fu \u00e7irkin ve k\u00f6t\u00fc tezah\u00fcrat nedeniyle 40 bin lira para cezas\u0131 verdi.<\/p>\n<p>Kocaelispor &#x27;a, taraftarlar\u0131n\u0131n neden oldu\u011fu saha olaylar\u0131 gerek\u00e7esiyle 220 bin lira ceza veren kurul, Kocaelispor Teknik Direkt\u00f6r\u00fc Sel\u00e7uk \u0130nan&#x27;a da m\u00fcsabaka hakemine y\u00f6nelik sportmenli\u011fe ayk\u0131r\u0131 hareketi sebebiyle 1 ma\u00e7tan men ve 80 bin lira para cezas\u0131 kesti.<\/p>\n<p>PFDK, Be\u015fikta\u015f &#x27;a ise \u00e7irkin ve k\u00f6t\u00fc tezah\u00fcrattan 20, merdiven bo\u015fluklar\u0131n\u0131n bo\u015f b\u0131rak\u0131lmamas\u0131ndan 120 ve saha olaylar\u0131ndan dolay\u0131 440 olmak \u00fczere toplamda 580 bin lira para cezas\u0131 uygulad\u0131.<\/p>\n<p>T\u00fcrkiye&#x27;den ve D\u00fcnya\u2019dan son dakika haberleri, k\u00f6\u015fe yaz\u0131lar\u0131, magazinden siyasete, spordan seyahate b\u00fct\u00fcn konular\u0131n tek adresi Hurriyet.com.tr haber i\u00e7erikleri izin al\u0131nmadan, kaynak g\u00f6sterilerek dahi iktibas edilemez. Kanuna ayk\u0131r\u0131 ve izinsiz olarak kopyalanamaz, ba\u015fka yerde yay\u0131nlanamaz.<\/p>\n","protected":false},"excerpt":{"rendered":"<p>Profesyonel Futbol Disiplin Kurulu, S\u00fcper Lig&#8217;den 3 kul\u00fcbe para cezas\u0131 verdi.<\/p>\n","protected":false},"author":2,"featured_media":819,"comment_status":"open","ping_status":"open","sticky":false,"template":"","format":"standard","meta":{"footnotes":""},"categories":[8,5,7],"tags":[],"class_list":["post-820","post","type-post","status-publish","format-standard","has-post-thumbnail","hentry","category-arsiv","category-son-dakika","category-spor"],"_links":{"self":[{"href":"https:\/\/eskigazeteci.com\/index.php?rest_route=\/wp\/v2\/posts\/820","targetHints":{"allow":["GET"]}}],"collection":[{"href":"https:\/\/eskigazeteci.com\/index.php?rest_route=\/wp\/v2\/posts"}],"about":[{"href":"https:\/\/eskigazeteci.com\/index.php?rest_route=\/wp\/v2\/types\/post"}],"author":[{"embeddable":true,"href":"https:\/\/eskigazeteci.com\/index.php?rest_route=\/wp\/v2\/users\/2"}],"replies":[{"embeddable":true,"href":"https:\/\/eskigazeteci.com\/index.php?rest_route=%2Fwp%2Fv2%2Fcomments&post=820"}],"version-history":[{"count":0,"href":"https:\/\/eskigazeteci.com\/index.php?rest_route=\/wp\/v2\/posts\/820\/revisions"}],"wp:featuredmedia":[{"embeddable":true,"href":"https:\/\/eskigazeteci.com\/index.php?rest_route=\/wp\/v2\/media\/819"}],"wp:attachment":[{"href":"https:\/\/eskigazeteci.com\/index.php?rest_route=%2Fwp%2Fv2%2Fmedia&parent=820"}],"wp:term":[{"taxonomy":"category","embeddable":true,"href":"https:\/\/eskigazeteci.com\/index.php?rest_route=%2Fwp%2Fv2%2Fcategories&post=820"},{"taxonomy":"post_tag","embeddable":true,"href":"https:\/\/eskigazeteci.com\/index.php?rest_route=%2Fwp%2Fv2%2Ftags&post=820"}],"curies":[{"name":"wp","href":"https:\/\/api.w.org\/{rel}","templated":true}]}}