{"id":82,"date":"2026-02-06T10:32:09","date_gmt":"2026-02-06T10:32:09","guid":{"rendered":"https:\/\/eskigazeteci.com\/?p=82"},"modified":"2026-02-06T10:32:09","modified_gmt":"2026-02-06T10:32:09","slug":"haber-17","status":"publish","type":"post","link":"https:\/\/eskigazeteci.com\/?p=82","title":{"rendered":"Haber"},"content":{"rendered":"<p>Emine Erdo\u011fan , NSosyal&#x27;deki hesab\u0131ndan yapt\u0131\u011f\u0131 payla\u015f\u0131mda \u00fc\u00e7 y\u0131l \u00f6nce, 6 \u015eubat sabah\u0131 tarifsiz bir ac\u0131yla sars\u0131ld\u0131klar\u0131n\u0131 belirtti.<\/p>\n<p>Hayaller, yuvalar ve umutlar y\u0131k\u0131l\u0131rken enkazdan yaln\u0131zca h\u00fczn\u00fcn de\u011fil, asr\u0131n birlikteli\u011finin de y\u00fckseldi\u011fine dikkati \u00e7eken Erdo\u011fan, &quot;#T\u00fcrkiyeminG\u00fcc\u00fcneBak&quot; etiketini kulland\u0131\u011f\u0131 payla\u015f\u0131m\u0131nda \u015funlar\u0131 kaydetti:<\/p>\n<p>&quot;Devletimizin ve milletimizin el ele verdi\u011fi bu zorlu s\u00fcre\u00e7te tan\u0131mad\u0131\u011f\u0131 bir can i\u00e7in nefesini tutan, lokmas\u0131n\u0131, duas\u0131n\u0131 payla\u015fan t\u00fcm y\u00fcce g\u00f6n\u00fcllerin varl\u0131\u011f\u0131yla yeniden umut dolduk. O g\u00fcn nas\u0131l tek y\u00fcrek olduysak, bug\u00fcn de y\u0131k\u0131lan \u015fehirlerimizi omuz omuza aya\u011fa kald\u0131r\u0131yoruz. G\u00f6n\u00fclden inan\u0131yorum ki millet\u00e7e birlik olduk\u00e7a, birbirimizin derdine \u015fifa olduk\u00e7a a\u015famayaca\u011f\u0131m\u0131z hi\u00e7bir engel yoktur. Depremde kaybetti\u011fimiz t\u00fcm canlar\u0131m\u0131z\u0131 rahmetle an\u0131yor, ailelerine ve sevdiklerine sab\u0131r diliyorum.&quot;<\/p>\n<p>T\u00fcrkiye g\u00fcndeminden son dakika haberleri, bug\u00fcn ya\u015fanan en son geli\u015fmeler, siyaset g\u00fcndeminden g\u00fcncel haberler ve b\u00fct\u00fcn son dakika haberleri i\u00e7in H\u00fcrriyet&#x27;in internet haber sitesi hurriyet.com.tr; Hurriyet.com.tr haber i\u00e7erikleri kaynak g\u00f6sterilmeden al\u0131nt\u0131 yap\u0131lamaz, Kanuna ayk\u0131r\u0131 ve izinsiz olarak kopyalanamaz, ba\u015fka yerde yay\u0131nlanamaz.<\/p>\n","protected":false},"excerpt":{"rendered":"<p>Cumhurba\u015fkan\u0131 Recep Tayyip Erdo\u011fan&#8217;\u0131n e\u015fi Emine Erdo\u011fan, 6 \u015eubat depremlerinin y\u0131l d\u00f6n\u00fcm\u00fcne ili\u015fkin, O g\u00fcn nas\u0131l tek y\u00fcrek olduysak, bug\u00fcn de y\u0131k\u0131lan&#8230;<\/p>\n","protected":false},"author":2,"featured_media":81,"comment_status":"open","ping_status":"open","sticky":false,"template":"","format":"standard","meta":{"footnotes":""},"categories":[8,3],"tags":[],"class_list":["post-82","post","type-post","status-publish","format-standard","has-post-thumbnail","hentry","category-arsiv","category-siyaset"],"_links":{"self":[{"href":"https:\/\/eskigazeteci.com\/index.php?rest_route=\/wp\/v2\/posts\/82","targetHints":{"allow":["GET"]}}],"collection":[{"href":"https:\/\/eskigazeteci.com\/index.php?rest_route=\/wp\/v2\/posts"}],"about":[{"href":"https:\/\/eskigazeteci.com\/index.php?rest_route=\/wp\/v2\/types\/post"}],"author":[{"embeddable":true,"href":"https:\/\/eskigazeteci.com\/index.php?rest_route=\/wp\/v2\/users\/2"}],"replies":[{"embeddable":true,"href":"https:\/\/eskigazeteci.com\/index.php?rest_route=%2Fwp%2Fv2%2Fcomments&post=82"}],"version-history":[{"count":0,"href":"https:\/\/eskigazeteci.com\/index.php?rest_route=\/wp\/v2\/posts\/82\/revisions"}],"wp:featuredmedia":[{"embeddable":true,"href":"https:\/\/eskigazeteci.com\/index.php?rest_route=\/wp\/v2\/media\/81"}],"wp:attachment":[{"href":"https:\/\/eskigazeteci.com\/index.php?rest_route=%2Fwp%2Fv2%2Fmedia&parent=82"}],"wp:term":[{"taxonomy":"category","embeddable":true,"href":"https:\/\/eskigazeteci.com\/index.php?rest_route=%2Fwp%2Fv2%2Fcategories&post=82"},{"taxonomy":"post_tag","embeddable":true,"href":"https:\/\/eskigazeteci.com\/index.php?rest_route=%2Fwp%2Fv2%2Ftags&post=82"}],"curies":[{"name":"wp","href":"https:\/\/api.w.org\/{rel}","templated":true}]}}