{"id":818,"date":"2026-02-10T12:56:39","date_gmt":"2026-02-10T12:56:39","guid":{"rendered":"https:\/\/eskigazeteci.com\/?p=818"},"modified":"2026-02-10T12:56:39","modified_gmt":"2026-02-10T12:56:39","slug":"turkiyenin-en-kalabalik-mahallesi-belli-oldu-nufusuyla-6-ili-geride-birakti","status":"publish","type":"post","link":"https:\/\/eskigazeteci.com\/?p=818","title":{"rendered":"T\u00fcrkiye&#8217;nin en kalabal\u0131k mahallesi belli oldu! N\u00fcfusuyla 6 ili geride b\u0131rakt\u0131"},"content":{"rendered":"<p>T\u00fcrkiye \u0130statistik Kurumu (T\u00dc\u0130K), &#x27;Adrese Dayal\u0131 N\u00fcfus Kay\u0131t Sistemi 2025 Sonu\u00e7lar\u0131&#x27;n\u0131 a\u00e7\u0131klam\u0131\u015ft\u0131. Buna g\u00f6re, 2024 y\u0131l\u0131 itibar\u0131yla 85 milyon 664 bin 944 olan \u00fclke n\u00fcfusu, ge\u00e7en y\u0131l 427 bin 224 ki\u015fi artarak 86 milyon 92 bin 168 ki\u015fiye y\u00fckseldi.<\/p>\n<p>T\u00dcRK\u0130YE&#x27;N\u0130N EN YO\u011eUN MAHALLES\u0130 UNVANINI KORUDU<\/p>\n<p>T\u00dc\u0130K Diyarbak\u0131r B\u00f6lge M\u00fcd\u00fcrl\u00fc\u011f\u00fc verilerine g\u00f6re, Diyarbak\u0131r&#x27;\u0131n n\u00fcfusu ise 1 milyon 853 bin 356 ki\u015fi olarak belirlendi. Bunun 935 bin 763 ki\u015fi erkek, 916 bin 593&#x27;\u00fc kad\u0131n. Merkez Ba\u011flar il\u00e7esindeki Ba\u011fc\u0131lar Mahallesi ise, 160 bin 136 ki\u015fi n\u00fcfusuyla T\u00fcrkiye&#x27;nin en yo\u011fun mahallesi unvan\u0131n\u0131 korudu. Bir \u00f6nceki y\u0131l 157 bin 422 olarak belirlenmi\u015fti. \u0130l\u00e7enin n\u00fcfusu ise 402 bin 275 ki\u015fi olarak kay\u0131tlara ge\u00e7ti. Ba\u011fc\u0131lar Mahallesi, n\u00fcfus yo\u011funlu\u011fuyla 167 bin 531 Artvin, 138 bin 807 G\u00fcm\u00fc\u015fhane, 85 bin 83 Tunceli, 82 bin 836 Bayburt, 90 bin 392 Ardahan ve 157 bin 363 n\u00fcfusuyla Kilis gibi illeri geride b\u0131rakt\u0131.<\/p>\n<p>Ba\u011fc\u0131lar Mahalle Muhtar\u0131 \u015eehmuz \u015eirdenli, T\u00fcrkiye n\u00fcfusunun 86 milyonu ge\u00e7ti\u011fine de\u011finerek, Ba\u011fc\u0131lar Mahallesi&#x27;nin de 160 bini devirdi\u011fini s\u00f6yledi.<\/p>\n<p>&quot;BA\u011eCILAR, MODERN B\u0130R MAHALLED\u0130R&quot;<\/p>\n<p>Muhtar \u015eirdenli, \u015fu anda yeni yap\u0131lan in\u015faatlar oldu\u011funu aktararak, &quot;Bu in\u015faatlar bitse eminim bunlar 200 bini de&#8230;<\/p>\n","protected":false},"excerpt":{"rendered":"<p>Diyarbak\u0131r&#8217;\u0131n merkez Ba\u011flar il\u00e7esindeki Ba\u011fc\u0131lar Mahallesi, 160 bin 136 ki\u015fi n\u00fcfusuyla T\u00fcrkiye&#8217;nin en yo\u011fun mahallesi olarak kay\u0131tlara ge\u00e7ti. Ba\u011fc\u0131lar&#8230;<\/p>\n","protected":false},"author":2,"featured_media":817,"comment_status":"open","ping_status":"open","sticky":false,"template":"","format":"standard","meta":{"footnotes":""},"categories":[8,6,5],"tags":[],"class_list":["post-818","post","type-post","status-publish","format-standard","has-post-thumbnail","hentry","category-arsiv","category-gundem","category-son-dakika"],"_links":{"self":[{"href":"https:\/\/eskigazeteci.com\/index.php?rest_route=\/wp\/v2\/posts\/818","targetHints":{"allow":["GET"]}}],"collection":[{"href":"https:\/\/eskigazeteci.com\/index.php?rest_route=\/wp\/v2\/posts"}],"about":[{"href":"https:\/\/eskigazeteci.com\/index.php?rest_route=\/wp\/v2\/types\/post"}],"author":[{"embeddable":true,"href":"https:\/\/eskigazeteci.com\/index.php?rest_route=\/wp\/v2\/users\/2"}],"replies":[{"embeddable":true,"href":"https:\/\/eskigazeteci.com\/index.php?rest_route=%2Fwp%2Fv2%2Fcomments&post=818"}],"version-history":[{"count":0,"href":"https:\/\/eskigazeteci.com\/index.php?rest_route=\/wp\/v2\/posts\/818\/revisions"}],"wp:featuredmedia":[{"embeddable":true,"href":"https:\/\/eskigazeteci.com\/index.php?rest_route=\/wp\/v2\/media\/817"}],"wp:attachment":[{"href":"https:\/\/eskigazeteci.com\/index.php?rest_route=%2Fwp%2Fv2%2Fmedia&parent=818"}],"wp:term":[{"taxonomy":"category","embeddable":true,"href":"https:\/\/eskigazeteci.com\/index.php?rest_route=%2Fwp%2Fv2%2Fcategories&post=818"},{"taxonomy":"post_tag","embeddable":true,"href":"https:\/\/eskigazeteci.com\/index.php?rest_route=%2Fwp%2Fv2%2Ftags&post=818"}],"curies":[{"name":"wp","href":"https:\/\/api.w.org\/{rel}","templated":true}]}}