{"id":816,"date":"2026-02-10T12:55:08","date_gmt":"2026-02-10T12:55:08","guid":{"rendered":"https:\/\/eskigazeteci.com\/?p=816"},"modified":"2026-02-10T12:55:08","modified_gmt":"2026-02-10T12:55:08","slug":"super-ligde-23-haftanin-programi-belli-oldu-ramazan-ayi-ve-avrupa-kupasi-ayarlamasi-yapildi","status":"publish","type":"post","link":"https:\/\/eskigazeteci.com\/?p=816","title":{"rendered":"S\u00fcper Lig&#8217;de 23. haftan\u0131n program\u0131 belli oldu! Ramazan ay\u0131 ve Avrupa kupas\u0131 ayarlamas\u0131 yap\u0131ld\u0131"},"content":{"rendered":"<p>S\u00fcper Lig&#x27;in 23. hafta ma\u00e7lar\u0131n\u0131n program\u0131 belli oldu.<\/p>\n<p>TFF&#x27;den konuya ili\u015fkin yap\u0131lan a\u00e7\u0131klama \u015fu \u015fekilde:<\/p>\n<p>Trendyol S\u00fcper Lig Mehmet Ali Y\u0131lmaz Sezonu 23. hafta m\u00fcsabakalar\u0131na ili\u015fkin program a\u00e7\u0131klanm\u0131\u015ft\u0131r.<\/p>\n<p>UEFA turnuvalar\u0131nda m\u00fccadele eden tak\u0131mlar\u0131m\u0131z\u0131n play-off m\u00fcsabakalar\u0131n\u0131n aras\u0131na denk gelen 23. hafta ma\u00e7 tarihleri, 3 kul\u00fcb\u00fcm\u00fcz ile yap\u0131lan isti\u015fareler neticesinde planlanm\u0131\u015ft\u0131r.<\/p>\n<p>Bununla birlikte, Ramazan ay\u0131nda oynanacak olan m\u00fcsabakalarda ma\u00e7 saatleri, iftar vakitleri de dikkate al\u0131narak 13.30, 16.00 ve 20.00 olarak belirlenmi\u015ftir.<\/p>\n<p>T\u00fcrkiye&#x27;den ve D\u00fcnya\u2019dan son dakika haberleri, k\u00f6\u015fe yaz\u0131lar\u0131, magazinden siyasete, spordan seyahate b\u00fct\u00fcn konular\u0131n tek adresi Hurriyet.com.tr haber i\u00e7erikleri izin al\u0131nmadan, kaynak g\u00f6sterilerek dahi iktibas edilemez. Kanuna ayk\u0131r\u0131 ve izinsiz olarak kopyalanamaz, ba\u015fka yerde yay\u0131nlanamaz.<\/p>\n","protected":false},"excerpt":{"rendered":"<p>T\u00fcrkiye Futbol Federasyonu (TFF), S\u00fcper Lig&#8217;de oynanacak 23. hafta ma\u00e7lar\u0131n\u0131n program\u0131n\u0131 a\u00e7\u0131klad\u0131. Programda, Ramazan ay\u0131 ve UEFA ma\u00e7lar\u0131na g\u00fcncelleme yap\u0131ld\u0131.<\/p>\n","protected":false},"author":2,"featured_media":815,"comment_status":"open","ping_status":"open","sticky":false,"template":"","format":"standard","meta":{"footnotes":""},"categories":[8,5,7],"tags":[],"class_list":["post-816","post","type-post","status-publish","format-standard","has-post-thumbnail","hentry","category-arsiv","category-son-dakika","category-spor"],"_links":{"self":[{"href":"https:\/\/eskigazeteci.com\/index.php?rest_route=\/wp\/v2\/posts\/816","targetHints":{"allow":["GET"]}}],"collection":[{"href":"https:\/\/eskigazeteci.com\/index.php?rest_route=\/wp\/v2\/posts"}],"about":[{"href":"https:\/\/eskigazeteci.com\/index.php?rest_route=\/wp\/v2\/types\/post"}],"author":[{"embeddable":true,"href":"https:\/\/eskigazeteci.com\/index.php?rest_route=\/wp\/v2\/users\/2"}],"replies":[{"embeddable":true,"href":"https:\/\/eskigazeteci.com\/index.php?rest_route=%2Fwp%2Fv2%2Fcomments&post=816"}],"version-history":[{"count":0,"href":"https:\/\/eskigazeteci.com\/index.php?rest_route=\/wp\/v2\/posts\/816\/revisions"}],"wp:featuredmedia":[{"embeddable":true,"href":"https:\/\/eskigazeteci.com\/index.php?rest_route=\/wp\/v2\/media\/815"}],"wp:attachment":[{"href":"https:\/\/eskigazeteci.com\/index.php?rest_route=%2Fwp%2Fv2%2Fmedia&parent=816"}],"wp:term":[{"taxonomy":"category","embeddable":true,"href":"https:\/\/eskigazeteci.com\/index.php?rest_route=%2Fwp%2Fv2%2Fcategories&post=816"},{"taxonomy":"post_tag","embeddable":true,"href":"https:\/\/eskigazeteci.com\/index.php?rest_route=%2Fwp%2Fv2%2Ftags&post=816"}],"curies":[{"name":"wp","href":"https:\/\/api.w.org\/{rel}","templated":true}]}}