{"id":814,"date":"2026-02-10T12:46:40","date_gmt":"2026-02-10T12:46:40","guid":{"rendered":"https:\/\/eskigazeteci.com\/?p=814"},"modified":"2026-02-10T12:46:40","modified_gmt":"2026-02-10T12:46:40","slug":"meclise-sunulan-veriler-tehlikeyi-gozler-onune-serdi-cocuklari-boyle-tuzaga-dusuruyorlar","status":"publish","type":"post","link":"https:\/\/eskigazeteci.com\/?p=814","title":{"rendered":"Meclis&#8217;e sunulan veriler tehlikeyi g\u00f6zler \u00f6n\u00fcne serdi: \u00c7ocuklar\u0131 b\u00f6yle tuza\u011fa d\u00fc\u015f\u00fcr\u00fcyorlar"},"content":{"rendered":"<p>L\u00fcks ya\u015fam, silahlar, pahal\u0131 arabalar\u2026 Su\u00e7 \u00f6rg\u00fctleri sosyal medyada \u00f6nce g\u00f6z kama\u015ft\u0131r\u0131yor, sonra ad\u0131m ad\u0131m \u00e7ocuklar\u0131 ve gen\u00e7leri tuza\u011fa \u00e7ekiyor.<\/p>\n<p>\u0130stanbul Siber Su\u00e7larla M\u00fccadele \u015eube M\u00fcd\u00fcr\u00fc Alperen S\u00fcer, Meclis Su\u00e7a S\u00fcr\u00fcklenen \u00c7ocuklar\u0131 Ara\u015ft\u0131rma Komisyonu\u2019nda sunum yapt\u0131. Buna g\u00f6re s\u00fcre\u00e7 genellikle Instagram ve TikTok\u2019ta ba\u015fl\u0131yor. Propaganda i\u00e7erikleriyle dikkat \u00e7eken \u00e7eteler, daha sonra \u00e7ocuklarla bire bir ileti\u015fime ge\u00e7iyor.<\/p>\n<p>POL\u0130S M\u0130 \u00c7OCUK MU? ANLAMAK \u0130\u00c7\u0130N \u00d6ZEL G\u00d6R\u00dc\u015eME YAPIYORLAR<\/p>\n<p>\u0130lk temas \u00e7o\u011fu zaman bir be\u011feni ya da yorumla ba\u015fl\u0131yor. Ard\u0131ndan \u00f6zel mesajlar at\u0131l\u0131yor. Son durak ise Telegram, WhatsApp ve Discord gibi kapal\u0131 gruplar oluyor. Bu gruplara herkes al\u0131nm\u0131yor. \u00c7ete y\u00f6neticileri, kar\u015f\u0131lar\u0131ndaki ki\u015finin \u00e7ocuk mu, polis mi ya da rakip bir \u00f6rg\u00fct \u00fcyesi mi oldu\u011funu anlamak i\u00e7in ilk olarak \u00f6zel g\u00f6r\u00fc\u015fmeler yap\u0131yor. Sonra da \u00e7ocu\u011fun konumuna ve kabiliyetine g\u00f6re su\u00e7 \u00f6rg\u00fct\u00fc faaliyetlerinde kullan\u0131yorlar.<\/p>\n<p>\u00d6RT\u00dcL\u00dc MESAJLAR<\/p>\n<p>Su\u00e7 \u00f6rg\u00fct\u00fc \u00fcyelerinin genellikle silahl\u0131 pozlar\u0131n\u0131 rap m\u00fczik e\u015fli\u011finde, kartal ve g\u00fclen y\u00fcz i\u015faretleriyle payla\u015ft\u0131\u011f\u0131na da dikkat \u00e7ekildi. Mafya ile alakal\u0131 baz\u0131 i\u00e7eriklerden al\u0131nt\u0131 yap\u0131larak \u00f6rt\u00fcl\u00fc mesajlar verildi\u011fi de belirtiliyor.<\/p>\n<p>Payla\u015f\u0131mlar\u0131nda,&#8230;<\/p>\n","protected":false},"excerpt":{"rendered":"<p>Sanal medya, su\u00e7 \u00f6rg\u00fctleri i\u00e7in adeta bir av sahas\u0131na d\u00f6n\u00fc\u015fm\u00fc\u015f durumda. \u00d6zellikle \u00e7ocuklar ve gen\u00e7ler, Instagram, TikTok ve benzeri platformlar \u00fczerinden&#8230;<\/p>\n","protected":false},"author":2,"featured_media":813,"comment_status":"open","ping_status":"open","sticky":false,"template":"","format":"standard","meta":{"footnotes":""},"categories":[8,6,5],"tags":[],"class_list":["post-814","post","type-post","status-publish","format-standard","has-post-thumbnail","hentry","category-arsiv","category-gundem","category-son-dakika"],"_links":{"self":[{"href":"https:\/\/eskigazeteci.com\/index.php?rest_route=\/wp\/v2\/posts\/814","targetHints":{"allow":["GET"]}}],"collection":[{"href":"https:\/\/eskigazeteci.com\/index.php?rest_route=\/wp\/v2\/posts"}],"about":[{"href":"https:\/\/eskigazeteci.com\/index.php?rest_route=\/wp\/v2\/types\/post"}],"author":[{"embeddable":true,"href":"https:\/\/eskigazeteci.com\/index.php?rest_route=\/wp\/v2\/users\/2"}],"replies":[{"embeddable":true,"href":"https:\/\/eskigazeteci.com\/index.php?rest_route=%2Fwp%2Fv2%2Fcomments&post=814"}],"version-history":[{"count":0,"href":"https:\/\/eskigazeteci.com\/index.php?rest_route=\/wp\/v2\/posts\/814\/revisions"}],"wp:featuredmedia":[{"embeddable":true,"href":"https:\/\/eskigazeteci.com\/index.php?rest_route=\/wp\/v2\/media\/813"}],"wp:attachment":[{"href":"https:\/\/eskigazeteci.com\/index.php?rest_route=%2Fwp%2Fv2%2Fmedia&parent=814"}],"wp:term":[{"taxonomy":"category","embeddable":true,"href":"https:\/\/eskigazeteci.com\/index.php?rest_route=%2Fwp%2Fv2%2Fcategories&post=814"},{"taxonomy":"post_tag","embeddable":true,"href":"https:\/\/eskigazeteci.com\/index.php?rest_route=%2Fwp%2Fv2%2Ftags&post=814"}],"curies":[{"name":"wp","href":"https:\/\/api.w.org\/{rel}","templated":true}]}}