{"id":812,"date":"2026-02-10T12:45:09","date_gmt":"2026-02-10T12:45:09","guid":{"rendered":"https:\/\/eskigazeteci.com\/?p=812"},"modified":"2026-02-10T12:45:09","modified_gmt":"2026-02-10T12:45:09","slug":"teror-orgutu-ypg-ve-devrik-rejim-unsurlari-hasekeye-cekildi","status":"publish","type":"post","link":"https:\/\/eskigazeteci.com\/?p=812","title":{"rendered":"Ter\u00f6r \u00f6rg\u00fct\u00fc YPG ve devrik rejim unsurlar\u0131 Haseke&#8217;ye \u00e7ekildi"},"content":{"rendered":"<p>Ter\u00f6r \u00f6rg\u00fct\u00fc YPG i\u015fgali alt\u0131ndaki Halep&#x27;in Aynularab il\u00e7esinden d\u00fcn, PKK&#x27;l\u0131 ter\u00f6ristler ile devrik rejim askerlerinden olu\u015fan yakla\u015f\u0131k 110 ki\u015fi, 4 otob\u00fcs, \u00e7ok say\u0131da jeep tipi ara\u00e7 ve ambulanslar\u0131n da yer ald\u0131\u011f\u0131 toplam 25 ara\u00e7l\u0131k bir konvoyla ayr\u0131ld\u0131.<\/p>\n<p>Aynularab&#x27;dan ayr\u0131lan grup, Suriye h\u00fck\u00fcmetinin a\u00e7t\u0131\u011f\u0131 &quot;Nur Ali&quot; temas noktas\u0131ndan M4 kara yolunu kullanarak Haseke iline do\u011fru hareket etti.<\/p>\n<p>IRAK&#x27;A SEVK ED\u0130LMELER\u0130 BEKLEN\u0130YOR<\/p>\n<p>G\u00fcvenlik kaynaklar\u0131, s\u00f6z konusu konvoydaki PKK mensuplar\u0131 i\u00e7inde yabanc\u0131 uyruklu ter\u00f6ristlerin de bulundu\u011funu, bu ki\u015filerin Haseke&#x27;den muhtemelen Irak &#x27;a sevk edilmesinin beklendi\u011fini belirtti.<\/p>\n<p>\u015eam y\u00f6netimi ile ter\u00f6r \u00f6rg\u00fct\u00fc YPG aras\u0131nda imzalanan mutabakat kapsam\u0131nda, Suriye \u0130\u00e7i\u015fleri Bakanl\u0131\u011f\u0131na ba\u011fl\u0131 g\u00fc\u00e7lerinin Haseke ili, Kam\u0131\u015fl\u0131 il\u00e7esi ve Aynularab&#x27;a konu\u015flanmas\u0131 kararla\u015ft\u0131r\u0131lm\u0131\u015ft\u0131. Ancak \u0130\u00e7i\u015fleri Bakanl\u0131\u011f\u0131na ba\u011fl\u0131 g\u00fc\u00e7lerin hen\u00fcz Aynularab il\u00e7e merkezine konu\u015fland\u0131r\u0131lmad\u0131\u011f\u0131 kaydediliyor.<\/p>\n<p>Yurtd\u0131\u015f\u0131nda ya\u015fanan en son olaylar, d\u00fcnya g\u00fcndemine oturan d\u0131\u015f haberler, son dakika d\u00fcnya haberleri, di\u011fer d\u00fcnya \u00fclkelerinden g\u00fcncel haberler i\u00e7in T\u00fcrkiye&#x27;nin haber sitesi hurriyet.com.tr; Hurriyet.com.tr haber i\u00e7erikleri kaynak g\u00f6sterilmeden al\u0131nt\u0131 yap\u0131lamaz, Kanuna&#8230;<\/p>\n","protected":false},"excerpt":{"rendered":"<p>Ter\u00f6r \u00f6rg\u00fct\u00fc PKK&#8217;l\u0131 ter\u00f6ristler ile devrik rejime ba\u011fl\u0131 askerlerin de aralar\u0131nda bulundu\u011fu 110 ki\u015fi, Suriye&#8217;nin Halep ilinde ter\u00f6r \u00f6rg\u00fct YPG&#8217;nin i\u015fgalindeki&#8230;<\/p>\n","protected":false},"author":2,"featured_media":811,"comment_status":"open","ping_status":"open","sticky":false,"template":"","format":"standard","meta":{"footnotes":""},"categories":[8,6,5],"tags":[],"class_list":["post-812","post","type-post","status-publish","format-standard","has-post-thumbnail","hentry","category-arsiv","category-gundem","category-son-dakika"],"_links":{"self":[{"href":"https:\/\/eskigazeteci.com\/index.php?rest_route=\/wp\/v2\/posts\/812","targetHints":{"allow":["GET"]}}],"collection":[{"href":"https:\/\/eskigazeteci.com\/index.php?rest_route=\/wp\/v2\/posts"}],"about":[{"href":"https:\/\/eskigazeteci.com\/index.php?rest_route=\/wp\/v2\/types\/post"}],"author":[{"embeddable":true,"href":"https:\/\/eskigazeteci.com\/index.php?rest_route=\/wp\/v2\/users\/2"}],"replies":[{"embeddable":true,"href":"https:\/\/eskigazeteci.com\/index.php?rest_route=%2Fwp%2Fv2%2Fcomments&post=812"}],"version-history":[{"count":0,"href":"https:\/\/eskigazeteci.com\/index.php?rest_route=\/wp\/v2\/posts\/812\/revisions"}],"wp:featuredmedia":[{"embeddable":true,"href":"https:\/\/eskigazeteci.com\/index.php?rest_route=\/wp\/v2\/media\/811"}],"wp:attachment":[{"href":"https:\/\/eskigazeteci.com\/index.php?rest_route=%2Fwp%2Fv2%2Fmedia&parent=812"}],"wp:term":[{"taxonomy":"category","embeddable":true,"href":"https:\/\/eskigazeteci.com\/index.php?rest_route=%2Fwp%2Fv2%2Fcategories&post=812"},{"taxonomy":"post_tag","embeddable":true,"href":"https:\/\/eskigazeteci.com\/index.php?rest_route=%2Fwp%2Fv2%2Ftags&post=812"}],"curies":[{"name":"wp","href":"https:\/\/api.w.org\/{rel}","templated":true}]}}