{"id":810,"date":"2026-02-10T12:39:44","date_gmt":"2026-02-10T12:39:44","guid":{"rendered":"https:\/\/eskigazeteci.com\/?p=810"},"modified":"2026-02-10T12:39:44","modified_gmt":"2026-02-10T12:39:44","slug":"bakan-guler-suriyeye-destek-olmaya-devam-edecegiz","status":"publish","type":"post","link":"https:\/\/eskigazeteci.com\/?p=810","title":{"rendered":"Bakan G\u00fcler: Suriye&#8217;ye destek olmaya devam edece\u011fiz"},"content":{"rendered":"<p>Bakan G\u00fcler, konu\u015fmas\u0131nda ayr\u0131ca \u015fu ifadelere yer verdi:<\/p>\n<p>Bakan G\u00fcler: Ba\u015fta Kilis olmak \u00fczere hudut hatt\u0131m\u0131z asimetrik tehditlerle y\u00fczle\u015fmi\u015f, s\u0131n\u0131rdaki karakollar\u0131m\u0131z hatta meskun mahallerimiz roket ve havan sald\u0131r\u0131lar\u0131na maruz kalm\u0131\u015ft\u0131r. Geldi\u011fimiz bu noktada ter\u00f6r \u00f6rg\u00fct\u00fcn\u00fcn hareket kabiliyeti b\u00fcy\u00fck \u00f6l\u00e7\u00fcde s\u0131n\u0131rland\u0131r\u0131lm\u0131\u015ft\u0131r.<\/p>\n<p>&quot;S\u00dcREC\u0130 \u0130LK G\u00dcNDEN \u0130T\u0130BAREN DESTEKLED\u0130K&quot;<\/p>\n<p>Milli Savunma Bakanl\u0131\u011f\u0131 olarak bizler de devletimizin ve \u00fclkemizin bekas\u0131 ve \u00e7\u0131karlar\u0131 do\u011frultusunda bu s\u00fcreci ilk g\u00fcnden itibaren samimiyetle destekledik ve desteklemeye devam ediyoruz.<\/p>\n<p>&quot;SUR\u0130YE ORDUSU, \u00d6RG\u00dcT\u00dc ATE\u015eKES \u0130STEMEYE MECBUR BIRAKTI&quot;<\/p>\n<p>Samimi \u00e7a\u011fr\u0131lar\u0131m\u0131za ra\u011fmen mutabakat ve entegrasyona dair somut ve ba\u011flay\u0131c\u0131 bir ad\u0131m atmayan \u00f6rg\u00fct\u00fcn s\u00fcreci istismar etme \u00e7abalar\u0131 devam etti. Bunun \u00fczerine Suriye Ordusu icra etti\u011fi ba\u015far\u0131l\u0131 operasyonlarla geni\u015f bir alan\u0131 \u00f6rg\u00fct unsurlar\u0131ndan temizlemi\u015f b\u00f6ylelikle \u00f6rg\u00fct\u00fc ate\u015fkes istemeye ve entegrasyonu kabul etmeye mecbur b\u0131rakm\u0131\u015ft\u0131r.<\/p>\n<p>YPG-SDG&#x27;nin 10 Mart ve 18 Ocak Mutabakatlar\u0131\u2019n\u0131n gereklerine ko\u015fulsuz ve eksiksiz olarak uymas\u0131 bir zorunluluktur. Buna y\u00f6nelik \u00e7al\u0131\u015fmalar\u0131n ba\u015flamas\u0131n\u0131 memnuniyetle kar\u015f\u0131l\u0131yor, entegrasyon s\u00fcrecinin Suriye\u2019nin siyasi birli\u011fi ile tek ordu&#8230;<\/p>\n","protected":false},"excerpt":{"rendered":"<p>Milli Savunma Bakan\u0131 Ya\u015far G\u00fcler, Kilis&#8217;te yapt\u0131\u011f\u0131 a\u00e7\u0131klamada Bundan sonra da \u00fclkemizin g\u00fcvenli\u011fini tehdit edecek en k\u00fc\u00e7\u00fck riske dahi f\u0131rsat tan\u0131mayacak&#8230;<\/p>\n","protected":false},"author":2,"featured_media":809,"comment_status":"open","ping_status":"open","sticky":false,"template":"","format":"standard","meta":{"footnotes":""},"categories":[8,6,5],"tags":[],"class_list":["post-810","post","type-post","status-publish","format-standard","has-post-thumbnail","hentry","category-arsiv","category-gundem","category-son-dakika"],"_links":{"self":[{"href":"https:\/\/eskigazeteci.com\/index.php?rest_route=\/wp\/v2\/posts\/810","targetHints":{"allow":["GET"]}}],"collection":[{"href":"https:\/\/eskigazeteci.com\/index.php?rest_route=\/wp\/v2\/posts"}],"about":[{"href":"https:\/\/eskigazeteci.com\/index.php?rest_route=\/wp\/v2\/types\/post"}],"author":[{"embeddable":true,"href":"https:\/\/eskigazeteci.com\/index.php?rest_route=\/wp\/v2\/users\/2"}],"replies":[{"embeddable":true,"href":"https:\/\/eskigazeteci.com\/index.php?rest_route=%2Fwp%2Fv2%2Fcomments&post=810"}],"version-history":[{"count":0,"href":"https:\/\/eskigazeteci.com\/index.php?rest_route=\/wp\/v2\/posts\/810\/revisions"}],"wp:featuredmedia":[{"embeddable":true,"href":"https:\/\/eskigazeteci.com\/index.php?rest_route=\/wp\/v2\/media\/809"}],"wp:attachment":[{"href":"https:\/\/eskigazeteci.com\/index.php?rest_route=%2Fwp%2Fv2%2Fmedia&parent=810"}],"wp:term":[{"taxonomy":"category","embeddable":true,"href":"https:\/\/eskigazeteci.com\/index.php?rest_route=%2Fwp%2Fv2%2Fcategories&post=810"},{"taxonomy":"post_tag","embeddable":true,"href":"https:\/\/eskigazeteci.com\/index.php?rest_route=%2Fwp%2Fv2%2Ftags&post=810"}],"curies":[{"name":"wp","href":"https:\/\/api.w.org\/{rel}","templated":true}]}}