{"id":808,"date":"2026-02-10T12:38:13","date_gmt":"2026-02-10T12:38:13","guid":{"rendered":"https:\/\/eskigazeteci.com\/?p=808"},"modified":"2026-02-10T12:38:13","modified_gmt":"2026-02-10T12:38:13","slug":"hamaneyden-mahkumlara-af-ve-ceza-indirimi","status":"publish","type":"post","link":"https:\/\/eskigazeteci.com\/?p=808","title":{"rendered":"Hamaney&#8217;den mahkumlara af ve ceza indirimi"},"content":{"rendered":"<p>Yarg\u0131 Erkine ba\u011fl\u0131 Mizan Haber Ajans\u0131na g\u00f6re, Hamaney , Yarg\u0131 Erki Ba\u015fkan\u0131 Gulam H\u00fcseyin Muhsini Ejei&#x27;nin 2 bin 108 mahkumun cezalar\u0131n\u0131n hafifletilmesi ve affedilmesine y\u00f6nelik \u00f6nerisini kabul etti.<\/p>\n<p>\u00d6neri kapsam\u0131nda 2 bin 108 mahkumdan 919&#x27;u farkl\u0131 su\u00e7lardan mahkumiyet karar\u0131 bulunmamas\u0131 sebebiyle affedilecek ve dosyalar\u0131 kapat\u0131lacak.<\/p>\n<p>Geriye kalan 1189 mahkumun cezas\u0131nda ise indirim uygulanacak ve baz\u0131lar\u0131n\u0131n cezas\u0131 paraya \u00e7evrilecek.<\/p>\n<p>Yurtd\u0131\u015f\u0131nda ya\u015fanan en son olaylar, d\u00fcnya g\u00fcndemine oturan d\u0131\u015f haberler, son dakika d\u00fcnya haberleri, di\u011fer d\u00fcnya \u00fclkelerinden g\u00fcncel haberler i\u00e7in T\u00fcrkiye&#x27;nin haber sitesi hurriyet.com.tr; Hurriyet.com.tr haber i\u00e7erikleri kaynak g\u00f6sterilmeden al\u0131nt\u0131 yap\u0131lamaz, Kanuna ayk\u0131r\u0131 ve izinsiz olarak kopyalanamaz, ba\u015fka yerde yay\u0131nlanamaz.<\/p>\n","protected":false},"excerpt":{"rendered":"<p>\u0130ran lideri Ali Hamaney, devrimin 47. y\u0131l d\u00f6n\u00fcm\u00fc dolay\u0131s\u0131yla 2 bin 108 mahkumun cezas\u0131n\u0131n affedilmesi, hafifletilmesi veya de\u011fi\u015ftirilmesini i\u00e7eren \u00f6neriye&#8230;<\/p>\n","protected":false},"author":2,"featured_media":807,"comment_status":"open","ping_status":"open","sticky":false,"template":"","format":"standard","meta":{"footnotes":""},"categories":[8,6,5],"tags":[],"class_list":["post-808","post","type-post","status-publish","format-standard","has-post-thumbnail","hentry","category-arsiv","category-gundem","category-son-dakika"],"_links":{"self":[{"href":"https:\/\/eskigazeteci.com\/index.php?rest_route=\/wp\/v2\/posts\/808","targetHints":{"allow":["GET"]}}],"collection":[{"href":"https:\/\/eskigazeteci.com\/index.php?rest_route=\/wp\/v2\/posts"}],"about":[{"href":"https:\/\/eskigazeteci.com\/index.php?rest_route=\/wp\/v2\/types\/post"}],"author":[{"embeddable":true,"href":"https:\/\/eskigazeteci.com\/index.php?rest_route=\/wp\/v2\/users\/2"}],"replies":[{"embeddable":true,"href":"https:\/\/eskigazeteci.com\/index.php?rest_route=%2Fwp%2Fv2%2Fcomments&post=808"}],"version-history":[{"count":0,"href":"https:\/\/eskigazeteci.com\/index.php?rest_route=\/wp\/v2\/posts\/808\/revisions"}],"wp:featuredmedia":[{"embeddable":true,"href":"https:\/\/eskigazeteci.com\/index.php?rest_route=\/wp\/v2\/media\/807"}],"wp:attachment":[{"href":"https:\/\/eskigazeteci.com\/index.php?rest_route=%2Fwp%2Fv2%2Fmedia&parent=808"}],"wp:term":[{"taxonomy":"category","embeddable":true,"href":"https:\/\/eskigazeteci.com\/index.php?rest_route=%2Fwp%2Fv2%2Fcategories&post=808"},{"taxonomy":"post_tag","embeddable":true,"href":"https:\/\/eskigazeteci.com\/index.php?rest_route=%2Fwp%2Fv2%2Ftags&post=808"}],"curies":[{"name":"wp","href":"https:\/\/api.w.org\/{rel}","templated":true}]}}