{"id":806,"date":"2026-02-10T12:36:40","date_gmt":"2026-02-10T12:36:40","guid":{"rendered":"https:\/\/eskigazeteci.com\/?p=806"},"modified":"2026-02-10T12:36:40","modified_gmt":"2026-02-10T12:36:40","slug":"cin-tatili-ne-zaman-2026-cin-tatili-ne-kadar-surer-cin-yeni-yil-tatil-baslangic-ve-bitis-tarihi","status":"publish","type":"post","link":"https:\/\/eskigazeteci.com\/?p=806","title":{"rendered":"\u00c7\u0130N TAT\u0130L\u0130 NE ZAMAN 2026? \u00c7in tatili ne kadar s\u00fcrer? \u00c7in yeni y\u0131l tatil ba\u015flang\u0131\u00e7 ve biti\u015f tarihi"},"content":{"rendered":"<p>Piyasalarda \u00c7in tatili olarak da adland\u0131r\u0131lan, \u00c7in Yeni Y\u0131l Tatili, tarih aral\u0131klar\u0131 ile merak ediliyor. \u00c7in Yeni Y\u0131l\u0131, ailelerin bir araya gelip yemekler yemesi, k\u0131rm\u0131z\u0131 zarflar i\u00e7inde hediye para verilmesi, sokak kutlamalar\u0131, ate\u015f i\u015faretleri, ejderha danslar\u0131, aslan danslar\u0131, \u015famand\u0131ra u\u00e7urma ve \u00e7e\u015fitli geleneksel etkinliklerin ger\u00e7ekle\u015ftirilmesi gibi \u00e7e\u015fitli geleneksel uygulamalarla D\u00fcnya genelinde dikkat \u00e7ekiyor. Peki, \u00c7in tatili ne zaman ba\u015flar ve ne zaman biter? \u0130\u015fte, o detaylar<\/p>\n<p>\u00c7in Yeni Y\u0131l\u0131 16 g\u00fcn s\u00fcrer. 2026&#x27;da 14 \u015eubat&#x27;ta ba\u015flar ve 28 \u015eubat&#x27;ta Fener Festivali ile sona erer. \u0130lk yedi g\u00fcn, 14-20 \u015eubat tarihleri aras\u0131nda resmi tatildir.<\/p>\n<p>\u00c7in Yeni Y\u0131l\u0131 ve Yeni Ay Y\u0131l\u0131, ay takvimini takip eder ve k\u0131\u015f g\u00fcn d\u00f6n\u00fcm\u00fc sonras\u0131 ikinci yeni aya denk geldi\u011fi i\u00e7in genellikle Ocak veya \u015eubat aylar\u0131nda ger\u00e7ekle\u015fir. Tarih de\u011fi\u015fse de \u00c7in Yeni Y\u0131l\u0131 her zaman 21 Ocak ile 20 \u015eubat aras\u0131nda ger\u00e7ekle\u015fir.<\/p>\n<p>T\u00fcrkiye&#x27;den ve D\u00fcnya\u2019dan son dakika haberleri, k\u00f6\u015fe yaz\u0131lar\u0131, magazinden siyasete, spordan seyahate b\u00fct\u00fcn konular\u0131n tek adresi Hurriyet.com.tr haber i\u00e7erikleri izin al\u0131nmadan, kaynak g\u00f6sterilerek dahi iktibas edilemez. Kanuna ayk\u0131r\u0131 ve izinsiz olarak kopyalanamaz, ba\u015fka yerde yay\u0131nlanamaz.<\/p>\n","protected":false},"excerpt":{"rendered":"<p>\u00c7in tatili, her y\u0131l \u015eubat ay\u0131nda oldu\u011fu gibi bu y\u0131l da b\u00fcy\u00fck festivallerle ba\u015flad\u0131. \u00c7in Yeni Y\u0131l\u0131, her y\u0131l \u00c7in takvimine g\u00f6re de\u011fi\u015fen bir tarihte kutlan\u0131r ve&#8230;<\/p>\n","protected":false},"author":2,"featured_media":805,"comment_status":"open","ping_status":"open","sticky":false,"template":"","format":"standard","meta":{"footnotes":""},"categories":[8,6,5],"tags":[],"class_list":["post-806","post","type-post","status-publish","format-standard","has-post-thumbnail","hentry","category-arsiv","category-gundem","category-son-dakika"],"_links":{"self":[{"href":"https:\/\/eskigazeteci.com\/index.php?rest_route=\/wp\/v2\/posts\/806","targetHints":{"allow":["GET"]}}],"collection":[{"href":"https:\/\/eskigazeteci.com\/index.php?rest_route=\/wp\/v2\/posts"}],"about":[{"href":"https:\/\/eskigazeteci.com\/index.php?rest_route=\/wp\/v2\/types\/post"}],"author":[{"embeddable":true,"href":"https:\/\/eskigazeteci.com\/index.php?rest_route=\/wp\/v2\/users\/2"}],"replies":[{"embeddable":true,"href":"https:\/\/eskigazeteci.com\/index.php?rest_route=%2Fwp%2Fv2%2Fcomments&post=806"}],"version-history":[{"count":0,"href":"https:\/\/eskigazeteci.com\/index.php?rest_route=\/wp\/v2\/posts\/806\/revisions"}],"wp:featuredmedia":[{"embeddable":true,"href":"https:\/\/eskigazeteci.com\/index.php?rest_route=\/wp\/v2\/media\/805"}],"wp:attachment":[{"href":"https:\/\/eskigazeteci.com\/index.php?rest_route=%2Fwp%2Fv2%2Fmedia&parent=806"}],"wp:term":[{"taxonomy":"category","embeddable":true,"href":"https:\/\/eskigazeteci.com\/index.php?rest_route=%2Fwp%2Fv2%2Fcategories&post=806"},{"taxonomy":"post_tag","embeddable":true,"href":"https:\/\/eskigazeteci.com\/index.php?rest_route=%2Fwp%2Fv2%2Ftags&post=806"}],"curies":[{"name":"wp","href":"https:\/\/api.w.org\/{rel}","templated":true}]}}