{"id":802,"date":"2026-02-10T12:28:03","date_gmt":"2026-02-10T12:28:03","guid":{"rendered":"https:\/\/eskigazeteci.com\/?p=802"},"modified":"2026-02-10T12:28:03","modified_gmt":"2026-02-10T12:28:03","slug":"seyfulislam-kaddafi-suikastini-ustlenen-cikmadi-senaryolar-havada-ucusuyor","status":"publish","type":"post","link":"https:\/\/eskigazeteci.com\/?p=802","title":{"rendered":"Seyf\u00fclislam Kaddafi suikast\u0131n\u0131 \u00fcstlenen \u00e7\u0131kmad\u0131: Senaryolar havada u\u00e7u\u015fuyor"},"content":{"rendered":"<p>Libya\u2019da \u00f6zellikle 2011 sonras\u0131 s\u0131k meydana gelen siyasi suikastlar\u0131n ard\u0131ndan k\u0131sa s\u00fcre ge\u00e7meden silahl\u0131 gruplardan birinin sald\u0131r\u0131y\u0131 \u00fcslendi\u011fi g\u00f6r\u00fcl\u00fcrken, Seyf\u00fclislam suikast\u0131n\u0131 hen\u00fcz hi\u00e7bir taraf \u00fcstlenmedi.<\/p>\n<p>Libya\u2019n\u0131n do\u011fu ve bat\u0131 olarak b\u00f6l\u00fcnm\u00fc\u015f yap\u0131s\u0131n\u0131n da do\u011fal bir sonucu olarak; sosyal medyada taraflar\u0131n destek\u00e7ileri suikastta birbirini su\u00e7lad\u0131.<\/p>\n<p>\u00dclkede dile getirilen di\u011fer bir senaryo da Seyf\u00fclislam&#x27;\u0131n, ABD&#x27;nin de an\u0131ld\u0131\u011f\u0131 yabanc\u0131 g\u00fc\u00e7ler taraf\u0131ndan \u00f6ld\u00fcr\u00fcld\u00fc\u011f\u00fc iddias\u0131.<\/p>\n<p>KORUMALARA \u0130L\u0130\u015eK\u0130N \u015e\u00dcPHE<\/p>\n<p>Eski Libya Devlet Y\u00fcksek Konseyi Ba\u015fkan\u0131 Halid el-Mi\u015fri, Seyf\u00fclislam&#x27;a d\u00fczenlenen sald\u0131r\u0131ya ili\u015fkin bir televizyon kanal\u0131na yapt\u0131\u011f\u0131 a\u00e7\u0131klamada, Seyf\u00fclislam&#x27;\u0131n Zintan&#x27;da bulundu\u011fu s\u00fcre zarf\u0131nda kentin askeri g\u00fc\u00e7lerinden Ebubekir S\u0131dd\u0131k Tugay\u0131 taraf\u0131ndan korundu\u011funu ancak suikasta u\u011frad\u0131\u011f\u0131nda bu Tugay&#x27;dan hi\u00e7 kimsenin onu korumuyor olmas\u0131n\u0131n bir\u00e7ok soru i\u015faretini beraberinde getirdi\u011fini kaydetti.<\/p>\n<p>Ebubekir S\u0131dd\u0131k Tugay\u0131&#x27;n\u0131n ihmalkar davrand\u0131\u011f\u0131 varsay\u0131lsa bile soru i\u015faretlerinin ortadan kalkmad\u0131\u011f\u0131n\u0131 dile getiren Mi\u015fri, 4 silahl\u0131 ki\u015finin Seyf\u00fclislam&#x27;\u0131n evine girdi\u011finde yaln\u0131z bir a\u015f\u00e7\u0131n\u0131n d\u0131\u015f\u0131nda, kimsenin bulunmamas\u0131n\u0131 &quot;hayalin \u00f6tesinde garabet&quot; ifadesiyle niteledi.<\/p>\n<p>&#x27;TAMAMI FAYDA&#8230;<\/p>\n","protected":false},"excerpt":{"rendered":"<p>Libya\u2019n\u0131n devrik lideri Muammer Kaddafi\u2019nin o\u011flu Seyf\u00fclislam\u2019\u0131n \u00f6ld\u00fcr\u00fclmesinin b\u00f6lgesel ve uluslararas\u0131 arenada en \u00e7ok hangi taraf\u0131n i\u015fine yarad\u0131\u011f\u0131na ili\u015fkin&#8230;<\/p>\n","protected":false},"author":2,"featured_media":801,"comment_status":"open","ping_status":"open","sticky":false,"template":"","format":"standard","meta":{"footnotes":""},"categories":[8,6,5],"tags":[],"class_list":["post-802","post","type-post","status-publish","format-standard","has-post-thumbnail","hentry","category-arsiv","category-gundem","category-son-dakika"],"_links":{"self":[{"href":"https:\/\/eskigazeteci.com\/index.php?rest_route=\/wp\/v2\/posts\/802","targetHints":{"allow":["GET"]}}],"collection":[{"href":"https:\/\/eskigazeteci.com\/index.php?rest_route=\/wp\/v2\/posts"}],"about":[{"href":"https:\/\/eskigazeteci.com\/index.php?rest_route=\/wp\/v2\/types\/post"}],"author":[{"embeddable":true,"href":"https:\/\/eskigazeteci.com\/index.php?rest_route=\/wp\/v2\/users\/2"}],"replies":[{"embeddable":true,"href":"https:\/\/eskigazeteci.com\/index.php?rest_route=%2Fwp%2Fv2%2Fcomments&post=802"}],"version-history":[{"count":0,"href":"https:\/\/eskigazeteci.com\/index.php?rest_route=\/wp\/v2\/posts\/802\/revisions"}],"wp:featuredmedia":[{"embeddable":true,"href":"https:\/\/eskigazeteci.com\/index.php?rest_route=\/wp\/v2\/media\/801"}],"wp:attachment":[{"href":"https:\/\/eskigazeteci.com\/index.php?rest_route=%2Fwp%2Fv2%2Fmedia&parent=802"}],"wp:term":[{"taxonomy":"category","embeddable":true,"href":"https:\/\/eskigazeteci.com\/index.php?rest_route=%2Fwp%2Fv2%2Fcategories&post=802"},{"taxonomy":"post_tag","embeddable":true,"href":"https:\/\/eskigazeteci.com\/index.php?rest_route=%2Fwp%2Fv2%2Ftags&post=802"}],"curies":[{"name":"wp","href":"https:\/\/api.w.org\/{rel}","templated":true}]}}