{"id":798,"date":"2026-02-10T12:25:07","date_gmt":"2026-02-10T12:25:07","guid":{"rendered":"https:\/\/eskigazeteci.com\/?p=798"},"modified":"2026-02-10T12:25:07","modified_gmt":"2026-02-10T12:25:07","slug":"termometrelerin-eksi-30-dereceye-dustugu-ilcede-sifa-dagitiyor-turkiyenin-bircok-yerinden-geliyorlar-cekim-merkezi-haline-geldi","status":"publish","type":"post","link":"https:\/\/eskigazeteci.com\/?p=798","title":{"rendered":"Termometrelerin eksi 30 dereceye d\u00fc\u015ft\u00fc\u011f\u00fc il\u00e7ede \u015fifa da\u011f\u0131t\u0131yor: T\u00fcrkiye&#8217;nin bir\u00e7ok yerinden geliyorlar! &#8216;\u00c7ekim merkezi haline geldi&#8217;"},"content":{"rendered":"<p>Hava s\u0131cakl\u0131\u011f\u0131n\u0131n s\u0131f\u0131r\u0131n alt\u0131na d\u00fc\u015ft\u00fc\u011f\u00fc b\u00f6lgede kar ya\u011f\u0131\u015f\u0131 alt\u0131nda havuza giren vatanda\u015flar, s\u0131cak suda y\u00fcz\u00fcyor.<\/p>\n<p>Hava s\u0131cakl\u0131\u011f\u0131n\u0131n s\u0131f\u0131r\u0131n alt\u0131na d\u00fc\u015ft\u00fc\u011f\u00fc b\u00f6lgede kar ya\u011f\u0131\u015f\u0131 alt\u0131nda havuza giren vatanda\u015flar, s\u0131cak suda y\u00fcz\u00fcyor.<\/p>\n<p>S\u0131cak sudan y\u00fckselen buharla b\u00fct\u00fcnle\u015fen kar manzaras\u0131nda ziyaret\u00e7iler, do\u011fayla i\u00e7 i\u00e7e vakit ge\u00e7irme imkan\u0131 buluyor. &quot;HALKIMIZ BU SUDAN \u015e\u0130FA BULUYOR VE \u00c7OK MEMNUN&quot; Do\u011fanc\u0131 Mahalle Muhtar\u0131 \u015eahabettin G\u00fcne\u015f, kapl\u0131can\u0131n b\u00f6lge halk\u0131 ve ziyaret\u00e7iler i\u00e7in \u00f6nemli bir do\u011fal kaynak oldu\u011funu s\u00f6yledi.<\/p>\n<p>S\u0131cak sudan y\u00fckselen buharla b\u00fct\u00fcnle\u015fen kar manzaras\u0131nda ziyaret\u00e7iler, do\u011fayla i\u00e7 i\u00e7e vakit ge\u00e7irme imkan\u0131 buluyor.<\/p>\n<p>&quot;HALKIMIZ BU SUDAN \u015e\u0130FA BULUYOR VE \u00c7OK MEMNUN&quot;<\/p>\n<p>Do\u011fanc\u0131 Mahalle Muhtar\u0131 \u015eahabettin G\u00fcne\u015f, kapl\u0131can\u0131n b\u00f6lge halk\u0131 ve ziyaret\u00e7iler i\u00e7in \u00f6nemli bir do\u011fal kaynak oldu\u011funu s\u00f6yledi.<\/p>\n<p>B\u00f6lgede k\u0131\u015f aylar\u0131nda hava s\u0131cakl\u0131\u011f\u0131n\u0131n s\u0131f\u0131r\u0131n alt\u0131nda 30 derecelere kadar d\u00fc\u015ft\u00fc\u011f\u00fcn\u00fc ifade eden G\u00fcne\u015f, \u015f\u00f6yle konu\u015ftu:<\/p>\n<p>B\u00f6lgede k\u0131\u015f aylar\u0131nda hava s\u0131cakl\u0131\u011f\u0131n\u0131n s\u0131f\u0131r\u0131n alt\u0131nda 30 derecelere kadar d\u00fc\u015ft\u00fc\u011f\u00fcn\u00fc ifade eden G\u00fcne\u015f, \u015f\u00f6yle konu\u015ftu:<\/p>\n<p>&quot;Erci\u015f&#x27;ten ve \u00e7evre illerden \u00e7ok say\u0131da ki\u015fi buraya geliyor. Halk\u0131m\u0131z bu sudan \u015fifa buluyor ve \u00e7ok memnun. Buray\u0131 kendi imkanlar\u0131m\u0131zla, imece&#8230;<\/p>\n","protected":false},"excerpt":{"rendered":"<p>Van&#8217;\u0131n Erci\u015f il\u00e7esinde termal su kayna\u011f\u0131n\u0131n bulundu\u011fu alana yap\u0131lan a\u00e7\u0131k havuz, ziyaret\u00e7ilerini a\u011f\u0131rl\u0131yor. \u0130l\u00e7eye ba\u011fl\u0131 Do\u011fanc\u0131 Mahallesi&#8217;nde ya\u015fayanlar,&#8230;<\/p>\n","protected":false},"author":2,"featured_media":797,"comment_status":"open","ping_status":"open","sticky":false,"template":"","format":"standard","meta":{"footnotes":""},"categories":[8,6,5],"tags":[],"class_list":["post-798","post","type-post","status-publish","format-standard","has-post-thumbnail","hentry","category-arsiv","category-gundem","category-son-dakika"],"_links":{"self":[{"href":"https:\/\/eskigazeteci.com\/index.php?rest_route=\/wp\/v2\/posts\/798","targetHints":{"allow":["GET"]}}],"collection":[{"href":"https:\/\/eskigazeteci.com\/index.php?rest_route=\/wp\/v2\/posts"}],"about":[{"href":"https:\/\/eskigazeteci.com\/index.php?rest_route=\/wp\/v2\/types\/post"}],"author":[{"embeddable":true,"href":"https:\/\/eskigazeteci.com\/index.php?rest_route=\/wp\/v2\/users\/2"}],"replies":[{"embeddable":true,"href":"https:\/\/eskigazeteci.com\/index.php?rest_route=%2Fwp%2Fv2%2Fcomments&post=798"}],"version-history":[{"count":0,"href":"https:\/\/eskigazeteci.com\/index.php?rest_route=\/wp\/v2\/posts\/798\/revisions"}],"wp:featuredmedia":[{"embeddable":true,"href":"https:\/\/eskigazeteci.com\/index.php?rest_route=\/wp\/v2\/media\/797"}],"wp:attachment":[{"href":"https:\/\/eskigazeteci.com\/index.php?rest_route=%2Fwp%2Fv2%2Fmedia&parent=798"}],"wp:term":[{"taxonomy":"category","embeddable":true,"href":"https:\/\/eskigazeteci.com\/index.php?rest_route=%2Fwp%2Fv2%2Fcategories&post=798"},{"taxonomy":"post_tag","embeddable":true,"href":"https:\/\/eskigazeteci.com\/index.php?rest_route=%2Fwp%2Fv2%2Ftags&post=798"}],"curies":[{"name":"wp","href":"https:\/\/api.w.org\/{rel}","templated":true}]}}