{"id":794,"date":"2026-02-10T12:19:35","date_gmt":"2026-02-10T12:19:35","guid":{"rendered":"https:\/\/eskigazeteci.com\/?p=794"},"modified":"2026-02-10T12:19:35","modified_gmt":"2026-02-10T12:19:35","slug":"avrupadan-nato-ile-isbirligi-mesaji","status":"publish","type":"post","link":"https:\/\/eskigazeteci.com\/?p=794","title":{"rendered":"Avrupa&#8217;dan NATO ile i\u015fbirli\u011fi mesaj\u0131"},"content":{"rendered":"<p>Uyan\u0131k bir ses \u00e7\u0131kard\u0131 Kubilius. &#x27;Avrupa sorumluluk\u0131n\u0131 NATO i\u00e7inde Avrupa&#x27;n\u0131n duru\u015funu g\u00fc\u00e7lendirmek anlam\u0131na gelmiyor. NATO, Avrupa&#x27;daki kolektif savunmam\u0131z\u0131n temelidir ve transatlantik ba\u011f\u0131m\u0131z a\u00e7\u0131s\u0131ndan vazge\u00e7ilmezdir.&#x27; dedi.<\/p>\n","protected":false},"excerpt":{"rendered":"<p>Kubilius, Avrupa Parlamentosu (AP) Genel Kurulu oturumunda&#8230;<\/p>\n","protected":false},"author":2,"featured_media":793,"comment_status":"open","ping_status":"open","sticky":false,"template":"","format":"standard","meta":{"footnotes":""},"categories":[8,6,5],"tags":[],"class_list":["post-794","post","type-post","status-publish","format-standard","has-post-thumbnail","hentry","category-arsiv","category-gundem","category-son-dakika"],"_links":{"self":[{"href":"https:\/\/eskigazeteci.com\/index.php?rest_route=\/wp\/v2\/posts\/794","targetHints":{"allow":["GET"]}}],"collection":[{"href":"https:\/\/eskigazeteci.com\/index.php?rest_route=\/wp\/v2\/posts"}],"about":[{"href":"https:\/\/eskigazeteci.com\/index.php?rest_route=\/wp\/v2\/types\/post"}],"author":[{"embeddable":true,"href":"https:\/\/eskigazeteci.com\/index.php?rest_route=\/wp\/v2\/users\/2"}],"replies":[{"embeddable":true,"href":"https:\/\/eskigazeteci.com\/index.php?rest_route=%2Fwp%2Fv2%2Fcomments&post=794"}],"version-history":[{"count":0,"href":"https:\/\/eskigazeteci.com\/index.php?rest_route=\/wp\/v2\/posts\/794\/revisions"}],"wp:featuredmedia":[{"embeddable":true,"href":"https:\/\/eskigazeteci.com\/index.php?rest_route=\/wp\/v2\/media\/793"}],"wp:attachment":[{"href":"https:\/\/eskigazeteci.com\/index.php?rest_route=%2Fwp%2Fv2%2Fmedia&parent=794"}],"wp:term":[{"taxonomy":"category","embeddable":true,"href":"https:\/\/eskigazeteci.com\/index.php?rest_route=%2Fwp%2Fv2%2Fcategories&post=794"},{"taxonomy":"post_tag","embeddable":true,"href":"https:\/\/eskigazeteci.com\/index.php?rest_route=%2Fwp%2Fv2%2Ftags&post=794"}],"curies":[{"name":"wp","href":"https:\/\/api.w.org\/{rel}","templated":true}]}}