{"id":790,"date":"2026-02-10T12:16:41","date_gmt":"2026-02-10T12:16:41","guid":{"rendered":"https:\/\/eskigazeteci.com\/?p=790"},"modified":"2026-02-10T12:16:41","modified_gmt":"2026-02-10T12:16:41","slug":"portekizde-surpriz-mourinho-iddiasi-benficadan-ayrilacak-yerine-amorim-gelecek","status":"publish","type":"post","link":"https:\/\/eskigazeteci.com\/?p=790","title":{"rendered":"Portekiz&#8217;de s\u00fcrpriz Mourinho iddias\u0131: &#8216;Benfica&#8217;dan ayr\u0131lacak, yerine Amorim gelecek&#8217;"},"content":{"rendered":"<p>Sezon ba\u015f\u0131nda Fenerbah\u00e7e &#x27;yle yollar\u0131n\u0131 ay\u0131ran ve Benfica&#x27;n\u0131n ba\u015f\u0131na ge\u00e7en Portekizli \u00fcnl\u00fc teknik direkt\u00f6r Jose Mourinho i\u00e7in fla\u015f bir iddia ortaya at\u0131ld\u0131.<\/p>\n<p>ESPN&#x27;in haberine g\u00f6re; 63 ya\u015f\u0131ndaki teknik adam bu yaz Benfica&#x27;dan ayr\u0131larak Portekiz Milli Tak\u0131m\u0131&#x27;n\u0131n ba\u015f\u0131na ge\u00e7ebilir.<\/p>\n<p>Kayna\u011fa g\u00f6re, Portekiz Futbol Federasyonu, 2026 D\u00fcnya Kupas\u0131 sonras\u0131nda s\u00f6zle\u015fmesi bitecek olan mevcut teknik direkt\u00f6r Roberto Martinez&#x27;in yerine ge\u00e7mesi i\u00e7in Jose Mourinho &#x27;ya teklifte bulunacak. Daha \u00f6nce Portekiz Milli Tak\u0131m\u0131&#x27;n\u0131 \u00e7al\u0131\u015ft\u0131rmak istedi\u011fini a\u00e7\u0131klayan Mourinho&#x27;nun yap\u0131lacak bu teklifi kabul ederek milli tak\u0131m\u0131n ba\u015f\u0131na ge\u00e7mesi bekleniyor.<\/p>\n<p>YER\u0130NE AMORIM GE\u00c7EB\u0130L\u0130R<\/p>\n<p>Mourinho&#x27;nun teklifi kabul etmesi durumunda, Manchester United&#x27;la yollar\u0131n\u0131 ay\u0131ran Ruben Amorim&#x27;in Benfica&#x27;n\u0131n ba\u015f\u0131na ge\u00e7ebilece\u011fi belirtiliyor.<\/p>\n<p>MOURINHO&#x27;NUN BENFICA PERFORMANSI<\/p>\n<p>Eyl\u00fcl ay\u0131ndan bu yana Benfica&#x27;y\u0131 \u00e7al\u0131\u015ft\u0131ran Mourinho, Lizbon ekibinin ba\u015f\u0131nda \u00e7\u0131kt\u0131\u011f\u0131 30 resmi ma\u00e7ta 18 galibiyet, 6 beraberlik ve 6 ma\u011flubiyet alarak 2.00 puan ortalamas\u0131 yakalad\u0131.<\/p>\n<p>Benfica , 21 haftas\u0131 geride kalan Portekiz Ligi &#x27;nde 56 puanl\u0131 lider Porto ve 52 puanl\u0131 Sporting&#x27;in arkas\u0131nda, 49 puanla 3. s\u0131rada yer al\u0131yor.<\/p>\n<p>T\u00fcrkiye&#x27;den ve D\u00fcnya\u2019dan son&#8230;<\/p>\n","protected":false},"excerpt":{"rendered":"<p>Fenerbah\u00e7e&#8217;den ayr\u0131ld\u0131ktan sonra sezon ba\u015f\u0131nda Benfica&#8217;n\u0131n ba\u015f\u0131na ge\u00e7en Jose Mourinho i\u00e7in \u00fclkesi Portekiz&#8217;de s\u00fcrpriz bir iddia ortaya at\u0131ld\u0131.<\/p>\n","protected":false},"author":2,"featured_media":789,"comment_status":"open","ping_status":"open","sticky":false,"template":"","format":"standard","meta":{"footnotes":""},"categories":[8,5,7],"tags":[],"class_list":["post-790","post","type-post","status-publish","format-standard","has-post-thumbnail","hentry","category-arsiv","category-son-dakika","category-spor"],"_links":{"self":[{"href":"https:\/\/eskigazeteci.com\/index.php?rest_route=\/wp\/v2\/posts\/790","targetHints":{"allow":["GET"]}}],"collection":[{"href":"https:\/\/eskigazeteci.com\/index.php?rest_route=\/wp\/v2\/posts"}],"about":[{"href":"https:\/\/eskigazeteci.com\/index.php?rest_route=\/wp\/v2\/types\/post"}],"author":[{"embeddable":true,"href":"https:\/\/eskigazeteci.com\/index.php?rest_route=\/wp\/v2\/users\/2"}],"replies":[{"embeddable":true,"href":"https:\/\/eskigazeteci.com\/index.php?rest_route=%2Fwp%2Fv2%2Fcomments&post=790"}],"version-history":[{"count":0,"href":"https:\/\/eskigazeteci.com\/index.php?rest_route=\/wp\/v2\/posts\/790\/revisions"}],"wp:featuredmedia":[{"embeddable":true,"href":"https:\/\/eskigazeteci.com\/index.php?rest_route=\/wp\/v2\/media\/789"}],"wp:attachment":[{"href":"https:\/\/eskigazeteci.com\/index.php?rest_route=%2Fwp%2Fv2%2Fmedia&parent=790"}],"wp:term":[{"taxonomy":"category","embeddable":true,"href":"https:\/\/eskigazeteci.com\/index.php?rest_route=%2Fwp%2Fv2%2Fcategories&post=790"},{"taxonomy":"post_tag","embeddable":true,"href":"https:\/\/eskigazeteci.com\/index.php?rest_route=%2Fwp%2Fv2%2Ftags&post=790"}],"curies":[{"name":"wp","href":"https:\/\/api.w.org\/{rel}","templated":true}]}}