{"id":788,"date":"2026-02-10T12:15:09","date_gmt":"2026-02-10T12:15:09","guid":{"rendered":"https:\/\/eskigazeteci.com\/?p=788"},"modified":"2026-02-10T12:15:09","modified_gmt":"2026-02-10T12:15:09","slug":"sivga-gerez-kimdir-nereli-kac-yasinda-vefat-etti-sivga-gerez-ne-kanseriydi","status":"publish","type":"post","link":"https:\/\/eskigazeteci.com\/?p=788","title":{"rendered":"\u015e\u0131vga Gerez kimdir, nereli, ka\u00e7 ya\u015f\u0131nda vefat etti? \u015e\u0131vga Gerez ne kanseriydi?"},"content":{"rendered":"<p>\u015e\u0131vga Gerez, sa\u011fl\u0131k sorunlar\u0131n\u0131 ilk kez May\u0131s 2025 tarihinde sosyal medya hesab\u0131ndan yapt\u0131\u011f\u0131 bir payla\u015f\u0131mla duyurmu\u015ftu. &quot;Kanserle sava\u015f\u0131m\u0131z ba\u015flam\u0131\u015ft\u0131r. En g\u00fczel \u015fekilde u\u011furlay\u0131p g\u00f6nderece\u011fiz&quot; ifadelerini kullanarak hastal\u0131\u011f\u0131n\u0131 a\u00e7\u0131klayan sanat\u00e7\u0131, yakla\u015f\u0131k bir y\u0131ld\u0131r tedavi g\u00f6r\u00fcyordu.<\/p>\n<p>29 Ocak 1970 tarihinde \u0130stanbul&#x27;da d\u00fcnyaya gelen \u015e\u0131vga Gerez, sanat\u00e7\u0131 bir aileden geliyordu. 1950&#x27;li y\u0131llar\u0131n \u00fcnl\u00fc oyuncusu \u00dcftade Kimi&#x27;nin k\u0131z\u0131 olan Gerez, annesinin izinden giderek sanat d\u00fcnyas\u0131na ad\u0131m att\u0131. Kariyerine oryantal olarak ba\u015flayan ve bu alanda b\u00fcy\u00fck ba\u015far\u0131lar elde eden sanat\u00e7\u0131, daha sonra oyunculu\u011fa y\u00f6neldi. En \u00e7ok Kurtlar Vadisi dizisindeki &quot;Cerrahpa\u015fal\u0131lar\u0131n Ablas\u0131&quot; rol\u00fcyle tan\u0131nan Gerez, sert ve otoriter karakteriyle izleyicilerin be\u011fenisini kazanm\u0131\u015ft\u0131. Ayr\u0131ca 2001 yap\u0131m\u0131 Dans\u00f6z filminde ve \u00e7e\u015fitli televizyon projelerinde de yer alm\u0131\u015ft\u0131.<\/p>\n<p>29 Ocak 1970 tarihinde \u0130stanbul&#x27;da d\u00fcnyaya gelen \u015e\u0131vga Gerez, sanat\u00e7\u0131 bir aileden geliyordu. 1950&#x27;li y\u0131llar\u0131n \u00fcnl\u00fc oyuncusu \u00dcftade Kimi&#x27;nin k\u0131z\u0131 olan Gerez, annesinin izinden giderek sanat d\u00fcnyas\u0131na ad\u0131m att\u0131. Kariyerine oryantal olarak ba\u015flayan ve bu alanda b\u00fcy\u00fck ba\u015far\u0131lar elde eden sanat\u00e7\u0131, daha sonra oyunculu\u011fa y\u00f6neldi.<\/p>\n<p>En \u00e7ok Kurtlar Vadisi&#8230;<\/p>\n","protected":false},"excerpt":{"rendered":"<p>T\u00fcrk televizyon tarihinin efsane yap\u0131mlar\u0131ndan Kurtlar Vadisi dizisinde canland\u0131rd\u0131\u011f\u0131 Cerrahpa\u015fal\u0131lar\u0131n Ablas\u0131 karakteriyle haf\u0131zalara kaz\u0131nan \u00fcnl\u00fc oyuncu ve&#8230;<\/p>\n","protected":false},"author":2,"featured_media":787,"comment_status":"open","ping_status":"open","sticky":false,"template":"","format":"standard","meta":{"footnotes":""},"categories":[8,6,5],"tags":[],"class_list":["post-788","post","type-post","status-publish","format-standard","has-post-thumbnail","hentry","category-arsiv","category-gundem","category-son-dakika"],"_links":{"self":[{"href":"https:\/\/eskigazeteci.com\/index.php?rest_route=\/wp\/v2\/posts\/788","targetHints":{"allow":["GET"]}}],"collection":[{"href":"https:\/\/eskigazeteci.com\/index.php?rest_route=\/wp\/v2\/posts"}],"about":[{"href":"https:\/\/eskigazeteci.com\/index.php?rest_route=\/wp\/v2\/types\/post"}],"author":[{"embeddable":true,"href":"https:\/\/eskigazeteci.com\/index.php?rest_route=\/wp\/v2\/users\/2"}],"replies":[{"embeddable":true,"href":"https:\/\/eskigazeteci.com\/index.php?rest_route=%2Fwp%2Fv2%2Fcomments&post=788"}],"version-history":[{"count":0,"href":"https:\/\/eskigazeteci.com\/index.php?rest_route=\/wp\/v2\/posts\/788\/revisions"}],"wp:featuredmedia":[{"embeddable":true,"href":"https:\/\/eskigazeteci.com\/index.php?rest_route=\/wp\/v2\/media\/787"}],"wp:attachment":[{"href":"https:\/\/eskigazeteci.com\/index.php?rest_route=%2Fwp%2Fv2%2Fmedia&parent=788"}],"wp:term":[{"taxonomy":"category","embeddable":true,"href":"https:\/\/eskigazeteci.com\/index.php?rest_route=%2Fwp%2Fv2%2Fcategories&post=788"},{"taxonomy":"post_tag","embeddable":true,"href":"https:\/\/eskigazeteci.com\/index.php?rest_route=%2Fwp%2Fv2%2Ftags&post=788"}],"curies":[{"name":"wp","href":"https:\/\/api.w.org\/{rel}","templated":true}]}}