{"id":786,"date":"2026-02-10T12:06:39","date_gmt":"2026-02-10T12:06:39","guid":{"rendered":"https:\/\/eskigazeteci.com\/?p=786"},"modified":"2026-02-10T12:06:39","modified_gmt":"2026-02-10T12:06:39","slug":"izmirdeki-selde-2-kisi-hayatini-kaybetmisti-surucu-tutuklandi","status":"publish","type":"post","link":"https:\/\/eskigazeteci.com\/?p=786","title":{"rendered":"\u0130zmir&#8217;deki selde 2 ki\u015fi hayat\u0131n\u0131 kaybetmi\u015fti: S\u00fcr\u00fcc\u00fc tutukland\u0131"},"content":{"rendered":"<p>Menderes il\u00e7esi O\u011flananas\u0131 Mahallesi K\u0131s\u0131k Sanayi yolunda, i\u00e7erisinde Bal\u0131mnaz T\u00fcrkkal, ablas\u0131 Nergiz T\u00fcrkkal ile Devran Y. ve Tamer D.&#x27;nin bulundu\u011fu otomobil, 5 \u015eubat ak\u015fam\u0131 dere \u00fczerindeki k\u00f6pr\u00fcden ge\u00e7erken sele kap\u0131ld\u0131. Sel sular\u0131n\u0131n \u00f6n\u00fcne kat\u0131p s\u00fcr\u00fckledi\u011fi otomobildeki Devran Y. ve Tamer D., kendi imkanlar\u0131yla kurtuldu.<\/p>\n<p>\u0130hbarla b\u00f6lgeye \u0130zmir \u0130l Jandarma Komutanl\u0131\u011f\u0131 Sualt\u0131 Arama Kurtarma Timi, AFAD ekipleri sevk edildi. Devran Y. g\u00f6zalt\u0131na al\u0131nd\u0131, Tamer D. ise ka\u00e7t\u0131. E\u011fitimli k\u00f6peklerin de kullan\u0131ld\u0131\u011f\u0131 arama-kurtarma \u00e7al\u0131\u015fmalar\u0131nda Bal\u0131mnaz T\u00fcrkkal ve ablas\u0131 Nergiz T\u00fcrkkal&#x27;\u0131n cans\u0131z bedenlerine ula\u015f\u0131ld\u0131. T\u00fcrkkal karde\u015fler, Hac\u0131lark\u0131r\u0131 Mezarl\u0131\u011f\u0131&#x27;nda topra\u011fa verildi.<\/p>\n<p>Olaya ili\u015fkin g\u00f6zalt\u0131ndaki Devran Y.&#x27;nin ifadesinde, &quot;Hep birlikte Menderes&#x27;e gezmeye gitmi\u015ftik. D\u00f6n\u00fc\u015fte k\u00f6pr\u00fcden ge\u00e7erken sel sular\u0131na kap\u0131lan otomobil dereyi u\u00e7tu&quot; dedi\u011fi bildirildi. Jandarma karakolunda i\u015flemleri tamamlanan Devran Y., d\u00fcn serbest b\u0131rak\u0131ld\u0131.<\/p>\n<p>2 FARKLI SU\u00c7TAN ARANIYORMU\u015e<\/p>\n<p>Jandarma ekipleri, hakk\u0131nda &#x27;Uyu\u015fturucu imal ve satmak&#x27; ve &#x27;H\u0131rs\u0131zl\u0131k&#x27;tan su\u00e7 kayd\u0131 ile yakalama karar\u0131 bulunan ve sele kap\u0131lan otomobili kulland\u0131\u011f\u0131 da belirlenen Tamer D.&#x27;yi ise d\u00fcn yakalad\u0131. Sel sular\u0131na kap\u0131lan otomobilin&#8230;<\/p>\n","protected":false},"excerpt":{"rendered":"<p>\u0130zmir&#8217;in Menderes il\u00e7esinde, Bal\u0131mnaz T\u00fcrkkal (16) ve ablas\u0131 Nergiz T\u00fcrkkal&#8217;\u0131n (21) hayat\u0131n\u0131 kaybetti\u011fi olayda, sel sular\u0131na kap\u0131lan otomobili kulland\u0131\u011f\u0131&#8230;<\/p>\n","protected":false},"author":2,"featured_media":785,"comment_status":"open","ping_status":"open","sticky":false,"template":"","format":"standard","meta":{"footnotes":""},"categories":[8,6,5],"tags":[],"class_list":["post-786","post","type-post","status-publish","format-standard","has-post-thumbnail","hentry","category-arsiv","category-gundem","category-son-dakika"],"_links":{"self":[{"href":"https:\/\/eskigazeteci.com\/index.php?rest_route=\/wp\/v2\/posts\/786","targetHints":{"allow":["GET"]}}],"collection":[{"href":"https:\/\/eskigazeteci.com\/index.php?rest_route=\/wp\/v2\/posts"}],"about":[{"href":"https:\/\/eskigazeteci.com\/index.php?rest_route=\/wp\/v2\/types\/post"}],"author":[{"embeddable":true,"href":"https:\/\/eskigazeteci.com\/index.php?rest_route=\/wp\/v2\/users\/2"}],"replies":[{"embeddable":true,"href":"https:\/\/eskigazeteci.com\/index.php?rest_route=%2Fwp%2Fv2%2Fcomments&post=786"}],"version-history":[{"count":0,"href":"https:\/\/eskigazeteci.com\/index.php?rest_route=\/wp\/v2\/posts\/786\/revisions"}],"wp:featuredmedia":[{"embeddable":true,"href":"https:\/\/eskigazeteci.com\/index.php?rest_route=\/wp\/v2\/media\/785"}],"wp:attachment":[{"href":"https:\/\/eskigazeteci.com\/index.php?rest_route=%2Fwp%2Fv2%2Fmedia&parent=786"}],"wp:term":[{"taxonomy":"category","embeddable":true,"href":"https:\/\/eskigazeteci.com\/index.php?rest_route=%2Fwp%2Fv2%2Fcategories&post=786"},{"taxonomy":"post_tag","embeddable":true,"href":"https:\/\/eskigazeteci.com\/index.php?rest_route=%2Fwp%2Fv2%2Ftags&post=786"}],"curies":[{"name":"wp","href":"https:\/\/api.w.org\/{rel}","templated":true}]}}