{"id":784,"date":"2026-02-10T12:05:07","date_gmt":"2026-02-10T12:05:07","guid":{"rendered":"https:\/\/eskigazeteci.com\/?p=784"},"modified":"2026-02-10T12:05:07","modified_gmt":"2026-02-10T12:05:07","slug":"avustralyada-namaz-kilan-filistin-destekcilerine-sert-mudahale","status":"publish","type":"post","link":"https:\/\/eskigazeteci.com\/?p=784","title":{"rendered":"Avustralya&#8217;da namaz k\u0131lan Filistin destek\u00e7ilerine sert m\u00fcdahale"},"content":{"rendered":"<p>Avustralya&#x27;n\u0131n Yeni G\u00fcney Galler (NSW) eyaletinde \u0130srail Cumhurba\u015fkan\u0131 Isaac Herzog &#x27;un ziyareti binlerce ki\u015fi taraf\u0131ndan protesto edildi. Sydney Belediye Binas\u0131 \u00f6n\u00fcnde ve \u00e7evresinde toplanan protestocular, &quot;y\u00fcr\u00fcy\u00fc\u015fe izin verin&quot; \u015feklinde talepte bulunmalar\u0131n\u0131n ard\u0131ndan polisin sert m\u00fcdahalesiyle kar\u015f\u0131la\u015ft\u0131.<\/p>\n<p>Polis kalabal\u0131\u011f\u0131 da\u011f\u0131tmak i\u00e7in g\u00f6z ya\u015fart\u0131c\u0131 gaz kulland\u0131. Baz\u0131 protestocular polis taraf\u0131ndan yumruklanarak darp edildi. Belediye binas\u0131 \u00f6n\u00fcnde namaz k\u0131lan protestocular ise polis taraf\u0131ndan yaka pa\u00e7a s\u00fcr\u00fcklenerek g\u00f6zalt\u0131na al\u0131nd\u0131. Polisin orant\u0131s\u0131z g\u00fc\u00e7 kulland\u0131\u011f\u0131 anlar sosyal medya h\u0131zla yay\u0131l\u0131rken, 27 ki\u015fi g\u00f6zalt\u0131na al\u0131nd\u0131.<\/p>\n<p>&#x27;NAMAZ KILAN M\u00dcSL\u00dcMANLAR SALDIRIYA U\u011eRADI&#x27;<\/p>\n<p>Ye\u015filler Partisi Milletvekili ve S\u00f6zc\u00fcs\u00fc Sue Higginson, &quot;Asla g\u00f6rmek istemedi\u011fim bir \u015feyi g\u00f6rd\u00fcm. Ancak sosyal medyada yay\u0131lan g\u00f6r\u00fcnt\u00fcler, NSW&#x27;nin bir polis devletine d\u00f6n\u00fc\u015fmesini g\u00f6rmemiz i\u00e7in gereken t\u00fcm kan\u0131t\u0131 sa\u011fl\u0131yor. Namaz k\u0131lan M\u00fcsl\u00fcmanlar\u0131n sald\u0131r\u0131ya u\u011frad\u0131\u011f\u0131n\u0131, s\u00fcr\u00fcklendi\u011fini, darp edildi\u011fini ve yere at\u0131ld\u0131\u011f\u0131n\u0131 g\u00f6rd\u00fck. Onlarca silahl\u0131 polisin, toplumumuzun bar\u0131\u015f\u00e7\u0131l \u00fcyelerine sald\u0131rd\u0131\u011f\u0131n\u0131 g\u00f6rd\u00fck&quot; ifadelerini kulland\u0131.<\/p>\n<p>Avustralya \u0130slam Konseyleri Federasyonu, Sydney merkezli L\u00fcbnan M\u00fcsl\u00fcman Birli\u011fi ve&#8230;<\/p>\n","protected":false},"excerpt":{"rendered":"<p>Avustralya&#8217;n\u0131n Sydney kentinde polis, \u0130srail Cumhurba\u015fkan\u0131 Isaac Herzog&#8217;un ziyaretine kar\u015f\u0131 d\u00fczenlenen g\u00f6steride Filistin yanl\u0131s\u0131 protestocular\u0131&#8230;<\/p>\n","protected":false},"author":2,"featured_media":783,"comment_status":"open","ping_status":"open","sticky":false,"template":"","format":"standard","meta":{"footnotes":""},"categories":[8,6,5],"tags":[],"class_list":["post-784","post","type-post","status-publish","format-standard","has-post-thumbnail","hentry","category-arsiv","category-gundem","category-son-dakika"],"_links":{"self":[{"href":"https:\/\/eskigazeteci.com\/index.php?rest_route=\/wp\/v2\/posts\/784","targetHints":{"allow":["GET"]}}],"collection":[{"href":"https:\/\/eskigazeteci.com\/index.php?rest_route=\/wp\/v2\/posts"}],"about":[{"href":"https:\/\/eskigazeteci.com\/index.php?rest_route=\/wp\/v2\/types\/post"}],"author":[{"embeddable":true,"href":"https:\/\/eskigazeteci.com\/index.php?rest_route=\/wp\/v2\/users\/2"}],"replies":[{"embeddable":true,"href":"https:\/\/eskigazeteci.com\/index.php?rest_route=%2Fwp%2Fv2%2Fcomments&post=784"}],"version-history":[{"count":0,"href":"https:\/\/eskigazeteci.com\/index.php?rest_route=\/wp\/v2\/posts\/784\/revisions"}],"wp:featuredmedia":[{"embeddable":true,"href":"https:\/\/eskigazeteci.com\/index.php?rest_route=\/wp\/v2\/media\/783"}],"wp:attachment":[{"href":"https:\/\/eskigazeteci.com\/index.php?rest_route=%2Fwp%2Fv2%2Fmedia&parent=784"}],"wp:term":[{"taxonomy":"category","embeddable":true,"href":"https:\/\/eskigazeteci.com\/index.php?rest_route=%2Fwp%2Fv2%2Fcategories&post=784"},{"taxonomy":"post_tag","embeddable":true,"href":"https:\/\/eskigazeteci.com\/index.php?rest_route=%2Fwp%2Fv2%2Ftags&post=784"}],"curies":[{"name":"wp","href":"https:\/\/api.w.org\/{rel}","templated":true}]}}