{"id":782,"date":"2026-02-10T12:02:44","date_gmt":"2026-02-10T12:02:44","guid":{"rendered":"https:\/\/eskigazeteci.com\/?p=782"},"modified":"2026-02-10T12:02:44","modified_gmt":"2026-02-10T12:02:44","slug":"kazara-kendini-vuran-polis-memuru-icin-toren-duzenlendi","status":"publish","type":"post","link":"https:\/\/eskigazeteci.com\/?p=782","title":{"rendered":"Kazara kendini vuran polis memuru i\u00e7in t\u00f6ren d\u00fczenlendi"},"content":{"rendered":"<p>Olay, d\u00fcn \u00f6\u011fle saatlerinde Hendek&#x27;e ba\u011fl\u0131 Bayraktepe Mahallesi&#x27;nde meydana geldi. Hendek \u0130l\u00e7e Emniyet M\u00fcd\u00fcrl\u00fc\u011f\u00fc&#x27;nde g\u00f6revli polis memuru Umut S\u0131b\u0131\u00e7, evinde tabancas\u0131n\u0131 temizledi\u011fi s\u0131rada silah kazara ate\u015f ald\u0131.<\/p>\n<p>G\u00f6\u011f\u00fcs b\u00f6lgesine mermi isabet eden 1 \u00e7ocuk babas\u0131 oldu\u011fu belirtilen S\u0131b\u0131\u00e7, yaraland\u0131. Silah sesini duyan kom\u015fular\u0131n ihbar\u0131yla adrese sa\u011fl\u0131k ve polis ekipleri sevk edildi. Ekiplerin ilk m\u00fcdahalesinin ard\u0131ndan Hendek Devlet Hastanesi&#x27;ne kald\u0131r\u0131lan S\u0131b\u0131\u00e7, burada hayat\u0131n\u0131 kaybetti. Olayla ilgili soru\u015fturma ba\u015flat\u0131ld\u0131.<\/p>\n<p>ZONGULDAK&#x27;TA TOPRA\u011eA VER\u0130LECEK<\/p>\n<p>Polis memuru Umut S\u0131b\u0131\u00e7 i\u00e7in bug\u00fcn Hendek \u0130l\u00e7e Emniyet M\u00fcd\u00fcrl\u00fc\u011f\u00fc&#x27;n\u00fcn \u00f6n\u00fcnde t\u00f6ren d\u00fczenlendi. T\u00f6rene; polis memurunun ailesi, emniyet m\u00fcd\u00fcrleri ile polis memurlar\u0131 kat\u0131ld\u0131. T\u00f6renin ard\u0131ndan polis memurunun T\u00fcrk bayra\u011f\u0131na sar\u0131l\u0131 naa\u015f\u0131, meslekta\u015flar\u0131n\u0131n omuzlar\u0131nda cenaze arac\u0131na ta\u015f\u0131nd\u0131. Umut S\u0131b\u0131\u00e7&#x27;\u0131n cenazesi, bug\u00fcn Zonguldak&#x27;taki Uzun Mehmet Camisi&#x27;nde ikindi vakti k\u0131l\u0131nacak namaz\u0131n ard\u0131ndan \u0130na\u011fz\u0131 Aile Mezarl\u0131\u011f\u0131&#x27;nda topra\u011fa verilecek.<\/p>\n<p>T\u00fcrkiye g\u00fcndeminden son dakika haberleri, bug\u00fcn ya\u015fanan en son geli\u015fmeler, siyaset g\u00fcndeminden g\u00fcncel haberler ve b\u00fct\u00fcn son dakika haberleri i\u00e7in H\u00fcrriyet&#x27;in internet haber sitesi hurriyet.com.tr;&#8230;<\/p>\n","protected":false},"excerpt":{"rendered":"<p>Sakarya&#8217;n\u0131n Hendek il\u00e7esinde evinde tabancas\u0131n\u0131 temizledi\u011fi s\u0131rada kazara kendini vurarak hayat\u0131n\u0131 kaybeden polis memuru Umut S\u0131b\u0131\u00e7 (36) i\u00e7in Hendek \u0130l\u00e7e&#8230;<\/p>\n","protected":false},"author":2,"featured_media":781,"comment_status":"open","ping_status":"open","sticky":false,"template":"","format":"standard","meta":{"footnotes":""},"categories":[8,6,5],"tags":[],"class_list":["post-782","post","type-post","status-publish","format-standard","has-post-thumbnail","hentry","category-arsiv","category-gundem","category-son-dakika"],"_links":{"self":[{"href":"https:\/\/eskigazeteci.com\/index.php?rest_route=\/wp\/v2\/posts\/782","targetHints":{"allow":["GET"]}}],"collection":[{"href":"https:\/\/eskigazeteci.com\/index.php?rest_route=\/wp\/v2\/posts"}],"about":[{"href":"https:\/\/eskigazeteci.com\/index.php?rest_route=\/wp\/v2\/types\/post"}],"author":[{"embeddable":true,"href":"https:\/\/eskigazeteci.com\/index.php?rest_route=\/wp\/v2\/users\/2"}],"replies":[{"embeddable":true,"href":"https:\/\/eskigazeteci.com\/index.php?rest_route=%2Fwp%2Fv2%2Fcomments&post=782"}],"version-history":[{"count":0,"href":"https:\/\/eskigazeteci.com\/index.php?rest_route=\/wp\/v2\/posts\/782\/revisions"}],"wp:featuredmedia":[{"embeddable":true,"href":"https:\/\/eskigazeteci.com\/index.php?rest_route=\/wp\/v2\/media\/781"}],"wp:attachment":[{"href":"https:\/\/eskigazeteci.com\/index.php?rest_route=%2Fwp%2Fv2%2Fmedia&parent=782"}],"wp:term":[{"taxonomy":"category","embeddable":true,"href":"https:\/\/eskigazeteci.com\/index.php?rest_route=%2Fwp%2Fv2%2Fcategories&post=782"},{"taxonomy":"post_tag","embeddable":true,"href":"https:\/\/eskigazeteci.com\/index.php?rest_route=%2Fwp%2Fv2%2Ftags&post=782"}],"curies":[{"name":"wp","href":"https:\/\/api.w.org\/{rel}","templated":true}]}}