{"id":780,"date":"2026-02-10T12:01:12","date_gmt":"2026-02-10T12:01:12","guid":{"rendered":"https:\/\/eskigazeteci.com\/?p=780"},"modified":"2026-02-10T12:01:12","modified_gmt":"2026-02-10T12:01:12","slug":"polis-memuru-ve-esi-13-kisi-tarafindan-darp-edildi-supheliler-serbest-birakildi","status":"publish","type":"post","link":"https:\/\/eskigazeteci.com\/?p=780","title":{"rendered":"Polis memuru ve e\u015fi 13 ki\u015fi taraf\u0131ndan darp edildi: \u015e\u00fcpheliler serbest b\u0131rak\u0131ld\u0131"},"content":{"rendered":"<p>K\u00fc\u00e7\u00fck\u00e7ekmece , \u0130stasyon Mahallesi \u0130stasyon Caddesinde y\u00fcr\u00fcyen trafik \u015fubede g\u00f6revli polis memuru T.Y. ve e\u015fi E.Y.\u2019nin yanlar\u0131ndan ge\u00e7en ara\u00e7, polis memurunun e\u015finin aya\u011f\u0131na \u00e7arpt\u0131. \u00c7arpma nedeniyle ara\u00e7 i\u00e7indekileri uyaran polis memuruna otomobil i\u00e7indeki \u015f\u00fcpheliler sald\u0131rmaya ba\u015flad\u0131. \u015e\u00fcpheliler etrafta bulunan arkada\u015flar\u0131n\u0131 da kavgaya \u00e7a\u011f\u0131rd\u0131. Bu esnada darb\u0131 g\u00f6r\u00fcnt\u00fclemek isteyen polis memurunun e\u015finin elinden telefonu alan \u015f\u00fcpheliler kad\u0131n\u0131 da darp etti.<\/p>\n<p>13 K\u0130\u015e\u0130 POL\u0130S\u0130 VE E\u015e\u0130N\u0130 DARP ETT\u0130<\/p>\n<p>Olay ard\u0131ndan gelen polis ekipleri yapt\u0131\u011f\u0131 g\u00fcvenlik kameras\u0131 \u00e7al\u0131\u015fmalar\u0131nda polis memuru ve e\u015fini 13 ki\u015finin darp etti\u011fini belirledi. \u015e\u00fcphelilerin tespitine y\u00f6nelik \u00e7al\u0131\u015fma ba\u015flatt\u0131.<\/p>\n<p>SERBEST BIRAKILDILAR<\/p>\n<p>G\u00fcvenlik kameras\u0131 g\u00f6r\u00fcnt\u00fclerinde Muhammet Ali G.(18), \u015eahin A. (19),Berat K. (19), F\u0131rat A.(21) ve Erg\u00fcn K.(21) oldu\u011fu tespit edildi. \u015e\u00fcpheliler Berat K.\u2019n\u0131n 5 su\u00e7 kayd\u0131, F\u0131rat A.\u2019n\u0131n ise 4 su\u00e7 kayd\u0131 oldu\u011fu belirlendi. \u015e\u00fcphelileri yakalamaya y\u00f6nelik \u00e7al\u0131\u015fmalarda Muhammet Ali G., \u015eahin A. Erg\u00fcn K. g\u00f6zalt\u0131na al\u0131nd\u0131. Adliyeye sevk edilen 3 \u015f\u00fcpheli adli kontrol \u015fart\u0131yla serbest b\u0131rak\u0131ld\u0131. Tespiti yap\u0131lan di\u011fer \u015f\u00fcphelilere y\u00f6nelik yakalama \u00e7al\u0131\u015fmalar\u0131 devam ediyor.<\/p>\n<p>T\u00fcrkiye g\u00fcndeminden son&#8230;<\/p>\n","protected":false},"excerpt":{"rendered":"<p>K\u00fc\u00e7\u00fck\u00e7ekmece\u2019de e\u015finin aya\u011f\u0131na \u00e7arpan otomobil s\u00fcr\u00fcc\u00fcs\u00fcn\u00fc uyaran polis memuru e\u015fiyle birlikte 13 ki\u015fi taraf\u0131ndan darp edildi. Olay\u0131n ard\u0131ndan yakalanan 3&#8230;<\/p>\n","protected":false},"author":2,"featured_media":779,"comment_status":"open","ping_status":"open","sticky":false,"template":"","format":"standard","meta":{"footnotes":""},"categories":[8,6,5],"tags":[],"class_list":["post-780","post","type-post","status-publish","format-standard","has-post-thumbnail","hentry","category-arsiv","category-gundem","category-son-dakika"],"_links":{"self":[{"href":"https:\/\/eskigazeteci.com\/index.php?rest_route=\/wp\/v2\/posts\/780","targetHints":{"allow":["GET"]}}],"collection":[{"href":"https:\/\/eskigazeteci.com\/index.php?rest_route=\/wp\/v2\/posts"}],"about":[{"href":"https:\/\/eskigazeteci.com\/index.php?rest_route=\/wp\/v2\/types\/post"}],"author":[{"embeddable":true,"href":"https:\/\/eskigazeteci.com\/index.php?rest_route=\/wp\/v2\/users\/2"}],"replies":[{"embeddable":true,"href":"https:\/\/eskigazeteci.com\/index.php?rest_route=%2Fwp%2Fv2%2Fcomments&post=780"}],"version-history":[{"count":0,"href":"https:\/\/eskigazeteci.com\/index.php?rest_route=\/wp\/v2\/posts\/780\/revisions"}],"wp:featuredmedia":[{"embeddable":true,"href":"https:\/\/eskigazeteci.com\/index.php?rest_route=\/wp\/v2\/media\/779"}],"wp:attachment":[{"href":"https:\/\/eskigazeteci.com\/index.php?rest_route=%2Fwp%2Fv2%2Fmedia&parent=780"}],"wp:term":[{"taxonomy":"category","embeddable":true,"href":"https:\/\/eskigazeteci.com\/index.php?rest_route=%2Fwp%2Fv2%2Fcategories&post=780"},{"taxonomy":"post_tag","embeddable":true,"href":"https:\/\/eskigazeteci.com\/index.php?rest_route=%2Fwp%2Fv2%2Ftags&post=780"}],"curies":[{"name":"wp","href":"https:\/\/api.w.org\/{rel}","templated":true}]}}