{"id":78,"date":"2026-02-06T10:32:07","date_gmt":"2026-02-06T10:32:07","guid":{"rendered":"https:\/\/eskigazeteci.com\/?p=78"},"modified":"2026-02-06T10:32:07","modified_gmt":"2026-02-06T10:32:07","slug":"haber-15","status":"publish","type":"post","link":"https:\/\/eskigazeteci.com\/?p=78","title":{"rendered":"Haber"},"content":{"rendered":"<p>Cumhurba\u015fkan\u0131 Erdo\u011fan, lifebox, AJet ve ROKETSAN sponsorlu\u011funda d\u00fczenlenen yar\u0131\u015fmada, AA foto muhabirleri ve muhabirlerinin 2025&#x27;te T\u00fcrkiye ile d\u00fcnya g\u00fcndeminde yank\u0131 bulan 6 kategorideki 112 foto\u011fraf\u0131n\u0131 M\u0131s\u0131r ziyareti d\u00f6n\u00fc\u015f\u00fc u\u00e7akta inceledi.<\/p>\n<p>Anadolu Ajans\u0131 Y\u00f6netim Kurulu Ba\u015fkan\u0131 ve Genel M\u00fcd\u00fcr\u00fc Serdar Karag\u00f6z, Erdo\u011fan&#x27;a foto\u011fraflar hakk\u0131nda bilgi verdi. Mustafa Hatipo\u011flu &#8211; G\u00f6klerin fatihi<\/p>\n<p>ERDO\u011eAN BM GENEL KURULU&#x27;NDA G\u00d6STERD\u0130\u011e\u0130 FOTO\u011eRAFA OY VERD\u0130<\/p>\n<p>&quot; Haber &quot; kategorisinde Mustafa Hatipo\u011flu&#x27;nun \u00e7ekti\u011fi &quot;G\u00f6klerin fatihi&quot; ba\u015fl\u0131kl\u0131 foto\u011fraf\u0131n\u0131 tercih eden Erdo\u011fan, &quot;Spor&quot; kategorisinde ise Esra Bilgin&#x27;in FIBA Erkekler Avrupa \u015eampiyonas\u0131 yar\u0131 final ma\u00e7\u0131nda Yunanistan ile T\u00fcrkiye aras\u0131ndaki kar\u015f\u0131la\u015fmada milli oyuncu Alperen \u015eeng\u00fcn&#x27;\u00fcn yer ald\u0131\u011f\u0131 &quot;Alperen&quot; ba\u015fl\u0131kl\u0131 foto\u011fraf\u0131na oy verdi. \u015eebnem Co\u015fkun &#8211; Kirli kanatlar<\/p>\n<p>&quot;Do\u011fal Ya\u015fam ve \u00c7evre&quot; kategorisinde ise Erdo\u011fan, \u015eebnem Co\u015fkun&#x27;un \u00e7ekti\u011fi &quot;Kirli kanatlar&quot; ba\u015fl\u0131kl\u0131 foto\u011fraf\u0131 tercih etti.<\/p>\n<p>Erdo\u011fan&#x27;\u0131n, &quot;Gazze: A\u00e7l\u0131k&quot; kategorisindeki tercihi, Cumhurba\u015fkanl\u0131\u011f\u0131 K\u00fclt\u00fcr ve Sanat B\u00fcy\u00fck \u00d6d\u00fclleri&#x27;nin foto\u011fraf kategorisinde \u00f6d\u00fcle lay\u0131k g\u00f6r\u00fclen Ali Jadallah&#x27;\u0131n Gazze&#x27;de a\u00e7l\u0131kla m\u00fccadele eden Filistinlilere, yemek da\u011f\u0131t\u0131lan anlar\u0131 g\u00f6steren foto\u011fraf\u0131 oldu.<\/p>\n<p>Cumhurba\u015fkan\u0131 Erdo\u011fan , Birle\u015fmi\u015f Milletler (BM) 80. Genel Kurulu&#x27;nda, \u0130srail&#x27;in Gazze&#x27;deki soyk\u0131r\u0131m\u0131n\u0131 Anadolu Ajans\u0131 (AA) foto muhabirlerinin \u00e7ekti\u011fi foto\u011fraflarla d\u00fcnya kamuoyuna anlatm\u0131\u015f ve Ali Jadallah&#x27;\u0131n \u00e7ekti\u011fi foto\u011fraf\u0131 da g\u00f6stermi\u015fti. Ali Jadallah- Gazze&#x27;de a\u00e7l\u0131k<\/p>\n<p>Oylamada, Cumhurba\u015fkanl\u0131\u011f\u0131 \u0130leti\u015fim Ba\u015fkan\u0131 Burhanettin Duran da haz\u0131r bulundu.<\/p>\n<p>OYLAMA<\/p>\n<p>AA&#x27;n\u0131n 2012 y\u0131l\u0131ndan bu yana d\u00fczenledi\u011fi yar\u0131\u015fmada, bu y\u0131l &quot;Haber&quot;, &quot;Do\u011fal Ya\u015fam ve \u00c7evre&quot;, &quot;Spor&quot; ve &quot;G\u00fcnl\u00fck Hayat&quot; olmak \u00fczere 4 ana kategorinin yan\u0131 s\u0131ra &quot; Gazze : A\u00e7l\u0131k&quot; ve &quot;Portre&quot; ba\u015fl\u0131kl\u0131 2 \u00f6zel kategori yer al\u0131yor.<\/p>\n<p>T\u00fcrk\u00e7e ve \u0130ngilizce altyaz\u0131yla d\u00fcnya genelinde yap\u0131lan oylamaya kat\u0131lanlar, istedikleri say\u0131da foto\u011frafa oy verebiliyor.<\/p>\n<p>Oylama &quot;yilinkareleri.aa.com.tr&quot; internet sitesi \u00fczerinden 15 \u015eubat Pazar saat 17.00&#x27;ye kadar devam edecek.<\/p>\n<p>T\u00fcrkiye g\u00fcndeminden son dakika haberleri, bug\u00fcn ya\u015fanan en son geli\u015fmeler, siyaset g\u00fcndeminden g\u00fcncel haberler ve b\u00fct\u00fcn son dakika haberleri i\u00e7in H\u00fcrriyet&#x27;in internet haber sitesi hurriyet.com.tr; Hurriyet.com.tr haber i\u00e7erikleri kaynak g\u00f6sterilmeden al\u0131nt\u0131 yap\u0131lamaz, Kanuna ayk\u0131r\u0131 ve izinsiz olarak kopyalanamaz, ba\u015fka yerde yay\u0131nlanamaz.<\/p>\n","protected":false},"excerpt":{"rendered":"<p>Cumhurba\u015fkan\u0131 Recep Tayyip Erdo\u011fan, Anadolu Ajans\u0131n\u0131n (AA) g\u00f6z\u00fcnden 2025&#8217;e damga vuran olaylara ait foto\u011fraflar\u0131n yer ald\u0131\u011f\u0131 Y\u0131l\u0131n Kareleri oylamas\u0131na kat\u0131ld\u0131.<\/p>\n","protected":false},"author":2,"featured_media":77,"comment_status":"open","ping_status":"open","sticky":false,"template":"","format":"standard","meta":{"footnotes":""},"categories":[8,3],"tags":[],"class_list":["post-78","post","type-post","status-publish","format-standard","has-post-thumbnail","hentry","category-arsiv","category-siyaset"],"_links":{"self":[{"href":"https:\/\/eskigazeteci.com\/index.php?rest_route=\/wp\/v2\/posts\/78","targetHints":{"allow":["GET"]}}],"collection":[{"href":"https:\/\/eskigazeteci.com\/index.php?rest_route=\/wp\/v2\/posts"}],"about":[{"href":"https:\/\/eskigazeteci.com\/index.php?rest_route=\/wp\/v2\/types\/post"}],"author":[{"embeddable":true,"href":"https:\/\/eskigazeteci.com\/index.php?rest_route=\/wp\/v2\/users\/2"}],"replies":[{"embeddable":true,"href":"https:\/\/eskigazeteci.com\/index.php?rest_route=%2Fwp%2Fv2%2Fcomments&post=78"}],"version-history":[{"count":0,"href":"https:\/\/eskigazeteci.com\/index.php?rest_route=\/wp\/v2\/posts\/78\/revisions"}],"wp:featuredmedia":[{"embeddable":true,"href":"https:\/\/eskigazeteci.com\/index.php?rest_route=\/wp\/v2\/media\/77"}],"wp:attachment":[{"href":"https:\/\/eskigazeteci.com\/index.php?rest_route=%2Fwp%2Fv2%2Fmedia&parent=78"}],"wp:term":[{"taxonomy":"category","embeddable":true,"href":"https:\/\/eskigazeteci.com\/index.php?rest_route=%2Fwp%2Fv2%2Fcategories&post=78"},{"taxonomy":"post_tag","embeddable":true,"href":"https:\/\/eskigazeteci.com\/index.php?rest_route=%2Fwp%2Fv2%2Ftags&post=78"}],"curies":[{"name":"wp","href":"https:\/\/api.w.org\/{rel}","templated":true}]}}