{"id":776,"date":"2026-02-10T11:58:10","date_gmt":"2026-02-10T11:58:10","guid":{"rendered":"https:\/\/eskigazeteci.com\/?p=776"},"modified":"2026-02-10T11:58:10","modified_gmt":"2026-02-10T11:58:10","slug":"irandan-turkiyenin-baris-diplomasisine-tesekkur","status":"publish","type":"post","link":"https:\/\/eskigazeteci.com\/?p=776","title":{"rendered":"\u0130ran&#8217;dan T\u00fcrkiye&#8217;nin bar\u0131\u015f diplomasisine te\u015fekk\u00fcr"},"content":{"rendered":"<p>\u0130ran D\u0131\u015fi\u015fleri Bakanl\u0131\u011f\u0131 S\u00f6zc\u00fcs\u00fc \u0130smail Bekayi, d\u00fczenledi\u011fi haftal\u0131k bas\u0131n toplant\u0131s\u0131nda g\u00fcndeme ili\u015fkinde de\u011ferlendirmede bulundu. Bekayi, b\u00f6lge \u00fclkelerinin m\u00fczakerelere ev sahipli\u011fi yapmak istediklerini ve bu \u00e7abalar\u0131n k\u0131ymetli oldu\u011funu bildirdi. Bekayi, \u201cBiz m\u00fczakereleri hem ge\u00e7mi\u015f d\u00f6nemdeki tecr\u00fcbelere dayanarak hem de \u00e7e\u015fitli sebepler nedeniyle ABD&#x27;nin haziran ay\u0131nda m\u00fczakere masas\u0131n\u0131 da\u011f\u0131tt\u0131\u011f\u0131 yerde, Umman&#x27;da yap\u0131lmas\u0131n\u0131 istiyorduk. M\u00fczakereler konusunda \u00e7aba g\u00f6steren t\u00fcm kom\u015fulara \u00f6zellikle de T\u00fcrkiye &#x27;ye te\u015fekk\u00fcr ediyoruz\u201d ifadelerini kulland\u0131.<\/p>\n<p>&quot;MUHATABIMIZ ABD&#x27;D\u0130R&quot;<\/p>\n<p>B\u00f6lge \u00fclkeleri ile diyalog halinde olduklar\u0131n\u0131 kaydeden Bekayi, \u0130ran&#x27;\u0131n \u00e7\u0131karlar\u0131n\u0131 diplomasi yoluyla korumak istediklerini s\u00f6yledi. Bekayi, \u0130srail Ba\u015fbakan\u0131 Binyamin Netanyahu&#x27;nun ABD ziyaretiyle ilgili a\u00e7\u0131klamas\u0131nda, \u201cBizim m\u00fczakerelerdeki muhatab\u0131m\u0131z ABD&#x27;dir. B\u00f6lgenin zarara u\u011framas\u0131na neden olan bask\u0131c\u0131 giri\u015fimlerden ba\u011f\u0131ms\u0131z hareket etme karar\u0131 da ABD&#x27;nin sorumlulu\u011fundad\u0131r\u201d diye konu\u015ftu.<\/p>\n<p>Bekayi, \u0130ran &#x27;\u0131n zaman kazanma niyetiyle m\u00fczakere masas\u0131na oturdu\u011fu y\u00f6n\u00fcnde ele\u015ftiriler oldu\u011funun hat\u0131rlat\u0131lmas\u0131 \u00fczerine, \u201cM\u00fczakereler ne kadar erken sonu\u00e7lan\u0131rsa bizim i\u00e7in o kadar iyi olur. Yapt\u0131r\u0131mlar\u0131n kald\u0131r\u0131lmas\u0131&#8230;<\/p>\n","protected":false},"excerpt":{"rendered":"<p>\u0130ran D\u0131\u015fi\u015fleri Bakanl\u0131\u011f\u0131 S\u00f6zc\u00fcs\u00fc \u0130smail Bekayi, \u201cM\u00fczakereler konusunda \u00e7aba g\u00f6steren t\u00fcm kom\u015fulara \u00f6zellikle de T\u00fcrkiye&#8217;ye te\u015fekk\u00fcr ediyoruz\u201d a\u00e7\u0131klamas\u0131n\u0131&#8230;<\/p>\n","protected":false},"author":2,"featured_media":775,"comment_status":"open","ping_status":"open","sticky":false,"template":"","format":"standard","meta":{"footnotes":""},"categories":[8,6,5],"tags":[],"class_list":["post-776","post","type-post","status-publish","format-standard","has-post-thumbnail","hentry","category-arsiv","category-gundem","category-son-dakika"],"_links":{"self":[{"href":"https:\/\/eskigazeteci.com\/index.php?rest_route=\/wp\/v2\/posts\/776","targetHints":{"allow":["GET"]}}],"collection":[{"href":"https:\/\/eskigazeteci.com\/index.php?rest_route=\/wp\/v2\/posts"}],"about":[{"href":"https:\/\/eskigazeteci.com\/index.php?rest_route=\/wp\/v2\/types\/post"}],"author":[{"embeddable":true,"href":"https:\/\/eskigazeteci.com\/index.php?rest_route=\/wp\/v2\/users\/2"}],"replies":[{"embeddable":true,"href":"https:\/\/eskigazeteci.com\/index.php?rest_route=%2Fwp%2Fv2%2Fcomments&post=776"}],"version-history":[{"count":0,"href":"https:\/\/eskigazeteci.com\/index.php?rest_route=\/wp\/v2\/posts\/776\/revisions"}],"wp:featuredmedia":[{"embeddable":true,"href":"https:\/\/eskigazeteci.com\/index.php?rest_route=\/wp\/v2\/media\/775"}],"wp:attachment":[{"href":"https:\/\/eskigazeteci.com\/index.php?rest_route=%2Fwp%2Fv2%2Fmedia&parent=776"}],"wp:term":[{"taxonomy":"category","embeddable":true,"href":"https:\/\/eskigazeteci.com\/index.php?rest_route=%2Fwp%2Fv2%2Fcategories&post=776"},{"taxonomy":"post_tag","embeddable":true,"href":"https:\/\/eskigazeteci.com\/index.php?rest_route=%2Fwp%2Fv2%2Ftags&post=776"}],"curies":[{"name":"wp","href":"https:\/\/api.w.org\/{rel}","templated":true}]}}