{"id":772,"date":"2026-02-10T11:55:07","date_gmt":"2026-02-10T11:55:07","guid":{"rendered":"https:\/\/eskigazeteci.com\/?p=772"},"modified":"2026-02-10T11:55:07","modified_gmt":"2026-02-10T11:55:07","slug":"gunes-tutulmasi-tarihi-2026","status":"publish","type":"post","link":"https:\/\/eskigazeteci.com\/?p=772","title":{"rendered":"G\u00dcNE\u015e TUTULMASI TAR\u0130H\u0130 2026"},"content":{"rendered":"<p>Halkal\u0131 G\u00fcne\u015f tutulmas\u0131 canl\u0131 izleme yerleri ve saati, g\u00f6k olaylar\u0131 ve astrolojiyi yak\u0131ndan takip edenler taraf\u0131ndan mercek alt\u0131na al\u0131nd\u0131. Kova burcunda ger\u00e7ekle\u015fecek Halkal\u0131 G\u00fcne\u015f tutulmas\u0131, Ay&#x27;\u0131n G\u00fcne\u015f ve D\u00fcnya&#x27;n\u0131n aras\u0131na girmesiyle olu\u015fuyor. Tutulmalar y\u0131lda 2 ila be\u015f defa ger\u00e7ekle\u015febiliyor. 2026 y\u0131l\u0131 ilk G\u00fcne\u015f tutulmas\u0131 ise \u015eubat ay\u0131 i\u00e7erisinde meydana gelecek. Bu heyecan verici g\u00f6k olay\u0131 i\u00e7in geri say\u0131m s\u00fcr\u00fcyor. Peki G\u00fcne\u015f tutulmas\u0131 ne zaman, saat ka\u00e7ta? Halkal\u0131 G\u00fcne\u015f Tutulmas\u0131 T\u00fcrkiye&#x27;den izlenecek mi, nereden g\u00f6zlemlenecek?<\/p>\n<p>Halkal\u0131 G\u00fcne\u015f tutulmas\u0131, 17 \u015eubat 2026 Sal\u0131 g\u00fcn\u00fc yerel saat ile 19.46&#x27;da ger\u00e7ekle\u015fecek ve yakla\u015f\u0131k 140 saniye s\u00fcrecek.<\/p>\n<p>17 \u015eubat Halkal\u0131 G\u00fcne\u015f Tutulmas\u0131, \u00fclkemizden izlenemeyecek. Yaln\u0131zca Antarktika \u00fczerinde g\u00f6r\u00fclebilecek. Bununla birlikte, k\u0131smi tutulma Arjantin ve \u015eili&#x27;nin en g\u00fcney ucundan ve G\u00fcney Afrika&#x27;n\u0131n b\u00fcy\u00fck bir b\u00f6l\u00fcm\u00fcnden (G\u00fcney Afrika, Mozambik ve Madagaskar dahil) izlenebilecek.<\/p>\n<p>G\u00fcne\u015f tutulmalar\u0131 s\u0131ras\u0131nda G\u00fcne\u015f, Ay ve D\u00fcnya ayn\u0131 hizada bulunur. Ay yuvarla\u011f\u0131n\u0131n G\u00fcne\u015f yuvarla\u011f\u0131n\u0131 tam olarak \u00f6rtmesi durumunda tam G\u00fcne\u015f tutulmas\u0131 ger\u00e7ekle\u015fir. Tutulma s\u0131ras\u0131nda Ay\u2019\u0131n g\u00f6r\u00fcn\u00fcr b\u00fcy\u00fckl\u00fc\u011f\u00fcn\u00fcn G\u00fcne\u015f\u2019inkinden k\u00fc\u00e7\u00fck olmas\u0131 durumunda ise halkal\u0131 G\u00fcne\u015f&#8230;<\/p>\n","protected":false},"excerpt":{"rendered":"<p>G\u00fcne\u015f tutulmas\u0131 g\u00fcn\u00fc, saati, s\u00fcresi ve izleme noktalar\u0131, do\u011fa olaylar\u0131n\u0131 dikkatle takip edenler taraf\u0131ndan heyecanla bekleniyor. Kova burcunda ger\u00e7ekle\u015fecek&#8230;<\/p>\n","protected":false},"author":2,"featured_media":771,"comment_status":"open","ping_status":"open","sticky":false,"template":"","format":"standard","meta":{"footnotes":""},"categories":[8,6,5],"tags":[],"class_list":["post-772","post","type-post","status-publish","format-standard","has-post-thumbnail","hentry","category-arsiv","category-gundem","category-son-dakika"],"_links":{"self":[{"href":"https:\/\/eskigazeteci.com\/index.php?rest_route=\/wp\/v2\/posts\/772","targetHints":{"allow":["GET"]}}],"collection":[{"href":"https:\/\/eskigazeteci.com\/index.php?rest_route=\/wp\/v2\/posts"}],"about":[{"href":"https:\/\/eskigazeteci.com\/index.php?rest_route=\/wp\/v2\/types\/post"}],"author":[{"embeddable":true,"href":"https:\/\/eskigazeteci.com\/index.php?rest_route=\/wp\/v2\/users\/2"}],"replies":[{"embeddable":true,"href":"https:\/\/eskigazeteci.com\/index.php?rest_route=%2Fwp%2Fv2%2Fcomments&post=772"}],"version-history":[{"count":0,"href":"https:\/\/eskigazeteci.com\/index.php?rest_route=\/wp\/v2\/posts\/772\/revisions"}],"wp:featuredmedia":[{"embeddable":true,"href":"https:\/\/eskigazeteci.com\/index.php?rest_route=\/wp\/v2\/media\/771"}],"wp:attachment":[{"href":"https:\/\/eskigazeteci.com\/index.php?rest_route=%2Fwp%2Fv2%2Fmedia&parent=772"}],"wp:term":[{"taxonomy":"category","embeddable":true,"href":"https:\/\/eskigazeteci.com\/index.php?rest_route=%2Fwp%2Fv2%2Fcategories&post=772"},{"taxonomy":"post_tag","embeddable":true,"href":"https:\/\/eskigazeteci.com\/index.php?rest_route=%2Fwp%2Fv2%2Ftags&post=772"}],"curies":[{"name":"wp","href":"https:\/\/api.w.org\/{rel}","templated":true}]}}