{"id":768,"date":"2026-02-10T11:44:54","date_gmt":"2026-02-10T11:44:54","guid":{"rendered":"https:\/\/eskigazeteci.com\/?p=768"},"modified":"2026-02-10T11:44:54","modified_gmt":"2026-02-10T11:44:54","slug":"rusyadan-ukrayna-ile-muzakere-aciklamasi","status":"publish","type":"post","link":"https:\/\/eskigazeteci.com\/?p=768","title":{"rendered":"Rusya&#8217;dan Ukrayna ile m\u00fczakere a\u00e7\u0131klamas\u0131"},"content":{"rendered":"<p>Kremlin S\u00f6zc\u00fcs\u00fc Dmitriy Peskov, ba\u015fkent Moskova\u2019da gazetecilere g\u00fcndeme ili\u015fkin a\u00e7\u0131klamalarda bulundu. Peskov, Fransa ile teknik d\u00fczeyde baz\u0131 g\u00f6r\u00fc\u015fmeler yapt\u0131klar\u0131n\u0131 belirterek, \u201cBu temaslar, istenirse ve gerekli g\u00f6r\u00fcl\u00fcrse, en \u00fcst d\u00fczeyde h\u0131zl\u0131 bir diyalog kurulmas\u0131na yard\u0131mc\u0131 olacakt\u0131r. \u015eu ana kadar bu iste\u011fin var oldu\u011funa dair herhangi bir i\u015faret almad\u0131k. Ancak Say\u0131n Macron&#x27;un Rusya ile ili\u015fkiler kurma ihtiyac\u0131na ili\u015fkin a\u00e7\u0131klamalar\u0131 dikkatimizi \u00e7ekti. Bu t\u00fcr a\u00e7\u0131klamalar\u0131 takdir ediyoruz. \u0130li\u015fkilerimizi s\u0131f\u0131ra indirgemenin mant\u0131ks\u0131z, verimsiz ve t\u00fcm taraflar i\u00e7in zararl\u0131 oldu\u011funu uzun zamand\u0131r belirtiyoruz\u201d ifadelerini kulland\u0131.<\/p>\n<p>Rusya\u2019n\u0131n her zaman diyalo\u011fun s\u00fcrd\u00fcr\u00fclmesinden yana oldu\u011funu vurgulayan Peskov, \u201cBizce bu, en acil ve karma\u015f\u0131k sorunlar\u0131n \u00e7\u00f6z\u00fcm\u00fcne yard\u0131mc\u0131 olabilir. Bu sorunlar kendili\u011finden \u00e7\u00f6z\u00fclmeyecek ve \u00e7at\u0131\u015fma da \u00e7\u00f6z\u00fcme kavu\u015fturulmalar\u0131na yard\u0131mc\u0131 olmayacak\u201d diye konu\u015ftu.<\/p>\n<p>ABD \u0130LE G\u00d6R\u00dc\u015eMELER<\/p>\n<p>Peskov, Ukrayna konusunda Abu Dabi\u2019de ABD ile y\u00fcr\u00fct\u00fclen m\u00fczakerelere ili\u015fkin ise \u201cHen\u00fcz kesin bir tarih belirlenmedi ancak yine de bunun yak\u0131nda devam etmesini bekliyoruz\u201d a\u00e7\u0131klamas\u0131n\u0131 yapt\u0131.<\/p>\n<p>D\u0131\u015fi\u015fleri Bakan\u0131 Hakan Fidan\u2019\u0131n, d\u00fcn ak\u015fam bir televizyon program\u0131nda, b\u00f6lgede&#8230;<\/p>\n","protected":false},"excerpt":{"rendered":"<p>Kremlin S\u00f6zc\u00fcs\u00fc Dmitriy Peskov, Ukrayna konusundaki m\u00fczakerelerin yak\u0131nda devam etmesini bekliyoruz dedi.<\/p>\n","protected":false},"author":2,"featured_media":767,"comment_status":"open","ping_status":"open","sticky":false,"template":"","format":"standard","meta":{"footnotes":""},"categories":[8,6,5],"tags":[],"class_list":["post-768","post","type-post","status-publish","format-standard","has-post-thumbnail","hentry","category-arsiv","category-gundem","category-son-dakika"],"_links":{"self":[{"href":"https:\/\/eskigazeteci.com\/index.php?rest_route=\/wp\/v2\/posts\/768","targetHints":{"allow":["GET"]}}],"collection":[{"href":"https:\/\/eskigazeteci.com\/index.php?rest_route=\/wp\/v2\/posts"}],"about":[{"href":"https:\/\/eskigazeteci.com\/index.php?rest_route=\/wp\/v2\/types\/post"}],"author":[{"embeddable":true,"href":"https:\/\/eskigazeteci.com\/index.php?rest_route=\/wp\/v2\/users\/2"}],"replies":[{"embeddable":true,"href":"https:\/\/eskigazeteci.com\/index.php?rest_route=%2Fwp%2Fv2%2Fcomments&post=768"}],"version-history":[{"count":0,"href":"https:\/\/eskigazeteci.com\/index.php?rest_route=\/wp\/v2\/posts\/768\/revisions"}],"wp:featuredmedia":[{"embeddable":true,"href":"https:\/\/eskigazeteci.com\/index.php?rest_route=\/wp\/v2\/media\/767"}],"wp:attachment":[{"href":"https:\/\/eskigazeteci.com\/index.php?rest_route=%2Fwp%2Fv2%2Fmedia&parent=768"}],"wp:term":[{"taxonomy":"category","embeddable":true,"href":"https:\/\/eskigazeteci.com\/index.php?rest_route=%2Fwp%2Fv2%2Fcategories&post=768"},{"taxonomy":"post_tag","embeddable":true,"href":"https:\/\/eskigazeteci.com\/index.php?rest_route=%2Fwp%2Fv2%2Ftags&post=768"}],"curies":[{"name":"wp","href":"https:\/\/api.w.org\/{rel}","templated":true}]}}