{"id":766,"date":"2026-02-10T11:36:39","date_gmt":"2026-02-10T11:36:39","guid":{"rendered":"https:\/\/eskigazeteci.com\/?p=766"},"modified":"2026-02-10T11:36:39","modified_gmt":"2026-02-10T11:36:39","slug":"korkunc-gercek-20-yil-sonra-ortaya-cikti-kaybolan-3-kisi-oldurulerek-gomulmus-11-supheli-gozaltina-alindi","status":"publish","type":"post","link":"https:\/\/eskigazeteci.com\/?p=766","title":{"rendered":"Korkun\u00e7 ger\u00e7ek 20 y\u0131l sonra ortaya \u00e7\u0131kt\u0131: Kaybolan 3 ki\u015fi \u00f6ld\u00fcr\u00fclerek g\u00f6m\u00fclm\u00fc\u015f! 11 \u015f\u00fcpheli g\u00f6zalt\u0131na al\u0131nd\u0131"},"content":{"rendered":"<p>Bilecik Emniyet M\u00fcd\u00fcrl\u00fc\u011f\u00fc Asayi\u015f \u015eubesi ekipleri, 2006 ve 2007 y\u0131llar\u0131nda kayboldu\u011fu ihbar\u0131 yap\u0131lan O.K., M.B. ve Y.\u00d6. isimli ki\u015filere ili\u015fkin dosyay\u0131 yeniden a\u00e7t\u0131. Asayi\u015f \u015eubesi&#x27;nde kay\u0131p olan 3 ki\u015finin bulunmas\u0131 i\u00e7in ge\u00e7en y\u0131l ekim ay\u0131nda \u00f6zel bir ekip kuruldu. \u00d6zel ekip, dosyada 3 ki\u015finin ne zaman kayboldu\u011funa dair herhangi bir bilgi yer almad\u0131\u011f\u0131ndan hareket ederek, cep telefonu sinyalleri \u00fczerinden yapt\u0131. \u0130ncelemede; O.K.&#x27;nin 2006 y\u0131l\u0131 Haziran ay\u0131nda, M.B.&#x27;nin ayn\u0131 y\u0131l A\u011fustos ay\u0131nda, Y.\u00d6.&#x27;n\u00fcn ise 2007 y\u0131l\u0131 \u015eubat ay\u0131nda Vezirhan beldesinde kayboldu\u011funu belirledi.<\/p>\n<p>85 CEP TELEFONU HATTI \u0130NCELEND\u0130<\/p>\n<p>Yeniden ba\u015flat\u0131lan soru\u015fturma kapsam\u0131nda polis taraf\u0131ndan 85 cep telefonu hatt\u0131 incelenirken, 47 ki\u015finin bilgisine ba\u015fvuruldu. \u0130fadeler ve kay\u0131p olan 3 ki\u015fiye ait cep telefonlar\u0131n\u0131n son sinyal verdi\u011fi alan\u0131n, Vezirhan beldesindeki bir \u00e7iftlik oldu\u011fu tespit edildi. \u00c7iftlikte toprak alt\u0131 taramas\u0131nda, 3 kay\u0131p ki\u015finin \u00f6ld\u00fcr\u00fclerek g\u00f6m\u00fcld\u00fc\u011f\u00fc ortaya \u00e7\u0131kar\u0131ld\u0131. Kaz\u0131 \u00e7al\u0131\u015fmalar\u0131nda bulunan 4 adet insan kemi\u011fi oldu\u011fu de\u011ferlendirilen bulgu, incelemeye al\u0131nd\u0131.<\/p>\n<p>11 \u015e\u00dcPHEL\u0130 G\u00d6ZALTINA ALINDI<\/p>\n<p>Bilecik Emniyet M\u00fcd\u00fcrl\u00fc\u011f\u00fc Asayi\u015f \u015eubesi, Asayi\u015f Daire Ba\u015fkanl\u0131\u011f\u0131&#x27;n\u0131n koordinesinde kay\u0131p 3 ki\u015finin&#8230;<\/p>\n","protected":false},"excerpt":{"rendered":"<p>Bilecik&#8217;te 2006 ve 2007 y\u0131llar\u0131ndan bu yana kay\u0131p olarak aranan 3 ki\u015finin \u00f6ld\u00fcr\u00fclerek g\u00f6m\u00fcld\u00fc\u011f\u00fc ortaya \u00e7\u0131kt\u0131. Bilecik&#8217;in yan\u0131 s\u0131ra 7 \u015fehirde g\u00f6zalt\u0131na al\u0131nan&#8230;<\/p>\n","protected":false},"author":2,"featured_media":765,"comment_status":"open","ping_status":"open","sticky":false,"template":"","format":"standard","meta":{"footnotes":""},"categories":[8,6,5],"tags":[],"class_list":["post-766","post","type-post","status-publish","format-standard","has-post-thumbnail","hentry","category-arsiv","category-gundem","category-son-dakika"],"_links":{"self":[{"href":"https:\/\/eskigazeteci.com\/index.php?rest_route=\/wp\/v2\/posts\/766","targetHints":{"allow":["GET"]}}],"collection":[{"href":"https:\/\/eskigazeteci.com\/index.php?rest_route=\/wp\/v2\/posts"}],"about":[{"href":"https:\/\/eskigazeteci.com\/index.php?rest_route=\/wp\/v2\/types\/post"}],"author":[{"embeddable":true,"href":"https:\/\/eskigazeteci.com\/index.php?rest_route=\/wp\/v2\/users\/2"}],"replies":[{"embeddable":true,"href":"https:\/\/eskigazeteci.com\/index.php?rest_route=%2Fwp%2Fv2%2Fcomments&post=766"}],"version-history":[{"count":0,"href":"https:\/\/eskigazeteci.com\/index.php?rest_route=\/wp\/v2\/posts\/766\/revisions"}],"wp:featuredmedia":[{"embeddable":true,"href":"https:\/\/eskigazeteci.com\/index.php?rest_route=\/wp\/v2\/media\/765"}],"wp:attachment":[{"href":"https:\/\/eskigazeteci.com\/index.php?rest_route=%2Fwp%2Fv2%2Fmedia&parent=766"}],"wp:term":[{"taxonomy":"category","embeddable":true,"href":"https:\/\/eskigazeteci.com\/index.php?rest_route=%2Fwp%2Fv2%2Fcategories&post=766"},{"taxonomy":"post_tag","embeddable":true,"href":"https:\/\/eskigazeteci.com\/index.php?rest_route=%2Fwp%2Fv2%2Ftags&post=766"}],"curies":[{"name":"wp","href":"https:\/\/api.w.org\/{rel}","templated":true}]}}