{"id":762,"date":"2026-02-10T11:26:39","date_gmt":"2026-02-10T11:26:39","guid":{"rendered":"https:\/\/eskigazeteci.com\/?p=762"},"modified":"2026-02-10T11:26:39","modified_gmt":"2026-02-10T11:26:39","slug":"macrondan-abd-uyarisi-ne-kadar-ileri-gidebilecegini-tahmin-edemezsiniz","status":"publish","type":"post","link":"https:\/\/eskigazeteci.com\/?p=762","title":{"rendered":"Macron&#8217;dan ABD uyar\u0131s\u0131: Ne kadar ileri gidebilece\u011fini tahmin edemezsiniz"},"content":{"rendered":"<p>Fransa Cumhurba\u015fkan\u0131 Emmanuel Macron, \u0130ngiliz ve Alman medyas\u0131na Avrupa Birli\u011fi (AB) ve ABD politikalar\u0131na ili\u015fkin a\u00e7\u0131klamalar yapt\u0131. Macron, mevcut ABD y\u00f6netiminin &quot;a\u00e7\u0131k\u00e7a Avrupa kar\u015f\u0131t\u0131&quot; oldu\u011funa vurgu yaparak, AB\u2019ye &quot;k\u00fc\u00e7\u00fcmseyici&quot; davrand\u0131\u011f\u0131n\u0131 ve &quot;AB\u2019nin par\u00e7alanmas\u0131n\u0131 arzulad\u0131\u011f\u0131n\u0131&quot; ifade etti.<\/p>\n<p>Avrupa \u00fclkelerinin ABD ile ili\u015fkilerde se\u00e7ti\u011fi stratejinin etkisiz oldu\u011funu s\u00f6yleyen Macron, &quot;A\u00e7\u0131k bir sald\u0131r\u0131 oldu\u011funda, yapmam\u0131z gerekenin boyun e\u011fmek veya bir anla\u015fmaya varmaya \u00e7al\u0131\u015fmak oldu\u011funu d\u00fc\u015f\u00fcnm\u00fcyorum. Bu stratejiyi aylard\u0131r denedik. \u0130\u015fe yaram\u0131yor&quot; dedi.<\/p>\n<p>Birka\u00e7 Avrupal\u0131 mevkida\u015f\u0131n\u0131 Rusya ile diyalo\u011fu yeniden ba\u015flatmaya davet etti\u011fini belirten Fransa Cumhurba\u015fkan\u0131 Macron , &quot;Baz\u0131lar\u0131, bizim yapt\u0131\u011f\u0131m\u0131z \u015fekilde diplomatlar\u0131n\u0131 Rusya\u2019ya g\u00f6ndermeyi hen\u00fcz erken buldu. Benim fikrim basit: Bu konudaki tart\u0131\u015fmalar\u0131 ba\u015fkalar\u0131na m\u0131 devretmek istiyoruz? Co\u011frafi konumumuz de\u011fi\u015fmeyecek. Rusya\u2019y\u0131 sevsek de sevmesek de o orada olacak ve gelecekte de kom\u015fumuz olacak. Bu nedenle, Avrupal\u0131lar\u0131n Ruslarla diyalo\u011fu yeniden ba\u015flatmas\u0131 gerekiyor&quot; diye konu\u015ftu.<\/p>\n<p>Yurtd\u0131\u015f\u0131nda ya\u015fanan en son olaylar, d\u00fcnya g\u00fcndemine oturan d\u0131\u015f haberler, son dakika d\u00fcnya haberleri, di\u011fer d\u00fcnya \u00fclkelerinden g\u00fcncel haberler&#8230;<\/p>\n","protected":false},"excerpt":{"rendered":"<p>Fransa Cumhurba\u015fkan\u0131 Emmanuel Macron, ABD\u2019nin g\u00fcmr\u00fck vergileri ve Gr\u00f6nland \u00fczerindeki taleplerine de\u011finerek, Art\u0131k ABD\u2019nin ne kadar ileri gidebilece\u011fini&#8230;<\/p>\n","protected":false},"author":2,"featured_media":761,"comment_status":"open","ping_status":"open","sticky":false,"template":"","format":"standard","meta":{"footnotes":""},"categories":[8,6,5],"tags":[],"class_list":["post-762","post","type-post","status-publish","format-standard","has-post-thumbnail","hentry","category-arsiv","category-gundem","category-son-dakika"],"_links":{"self":[{"href":"https:\/\/eskigazeteci.com\/index.php?rest_route=\/wp\/v2\/posts\/762","targetHints":{"allow":["GET"]}}],"collection":[{"href":"https:\/\/eskigazeteci.com\/index.php?rest_route=\/wp\/v2\/posts"}],"about":[{"href":"https:\/\/eskigazeteci.com\/index.php?rest_route=\/wp\/v2\/types\/post"}],"author":[{"embeddable":true,"href":"https:\/\/eskigazeteci.com\/index.php?rest_route=\/wp\/v2\/users\/2"}],"replies":[{"embeddable":true,"href":"https:\/\/eskigazeteci.com\/index.php?rest_route=%2Fwp%2Fv2%2Fcomments&post=762"}],"version-history":[{"count":0,"href":"https:\/\/eskigazeteci.com\/index.php?rest_route=\/wp\/v2\/posts\/762\/revisions"}],"wp:featuredmedia":[{"embeddable":true,"href":"https:\/\/eskigazeteci.com\/index.php?rest_route=\/wp\/v2\/media\/761"}],"wp:attachment":[{"href":"https:\/\/eskigazeteci.com\/index.php?rest_route=%2Fwp%2Fv2%2Fmedia&parent=762"}],"wp:term":[{"taxonomy":"category","embeddable":true,"href":"https:\/\/eskigazeteci.com\/index.php?rest_route=%2Fwp%2Fv2%2Fcategories&post=762"},{"taxonomy":"post_tag","embeddable":true,"href":"https:\/\/eskigazeteci.com\/index.php?rest_route=%2Fwp%2Fv2%2Ftags&post=762"}],"curies":[{"name":"wp","href":"https:\/\/api.w.org\/{rel}","templated":true}]}}