{"id":760,"date":"2026-02-10T11:25:07","date_gmt":"2026-02-10T11:25:07","guid":{"rendered":"https:\/\/eskigazeteci.com\/?p=760"},"modified":"2026-02-10T11:25:07","modified_gmt":"2026-02-10T11:25:07","slug":"japonyanin-en-yasli-erkegi-hayatini-kaybetti","status":"publish","type":"post","link":"https:\/\/eskigazeteci.com\/?p=760","title":{"rendered":"Japonya&#8217;n\u0131n en ya\u015fl\u0131 erke\u011fi hayat\u0131n\u0131 kaybetti"},"content":{"rendered":"<p>Japonya&#x27;da 14 Mart 1914&#x27;te do\u011fan Mizuno Kiyotaka, ba\u015fkent Tokyo yak\u0131n\u0131ndaki \u015eizuoka eyaletinin Iwata kentinde &quot;ya\u015fl\u0131l\u0131\u011fa ba\u011fl\u0131 nedenlerle&quot; ya\u015fam\u0131n\u0131 yitirdi.<\/p>\n<p>Iwata Belediye Ba\u015fkan\u0131 Kusa\u00e7i Hiroaki, yapt\u0131\u011f\u0131 a\u00e7\u0131klamada, &quot;Mizuno&#x27;nun \u00f6l\u00fcm\u00fcnden derin \u00fcz\u00fcnt\u00fc duyuyoruz. Kendisi uzun zamand\u0131r canl\u0131l\u0131\u011f\u0131n ve iyi sa\u011fl\u0131\u011f\u0131n sembol\u00fc olarak de\u011fer g\u00f6r\u00fcyordu.&quot; dedi.<\/p>\n<p>Modern Japonya tarihinde Tai\u015fo, \u015eowa, Heisei ve Reiwa olmak \u00fczere d\u00f6rt imparator d\u00f6nemini ya\u015fayan Mizuno, hayat\u0131n\u0131n son d\u00f6neminde o\u011fluyla Kake\u015fita b\u00f6lgesindeki evinde ya\u015f\u0131yordu.<\/p>\n<p>Belediyenin konuya ili\u015fkin a\u00e7\u0131klamas\u0131na g\u00f6re, yakla\u015f\u0131k 50 y\u0131ld\u0131r tar\u0131mla u\u011fra\u015fan Mizuno, y\u00fcr\u00fcme d\u0131\u015f\u0131nda \u00e7ok az yard\u0131ma ihtiya\u00e7 duyuyor ve g\u00fcnde \u00fc\u00e7 \u00f6\u011f\u00fcn yemek yiyordu.<\/p>\n<p>A\u011fustos 2024&#x27;te Japonya&#x27;n\u0131n &quot; en ya\u015fl\u0131 erke\u011fi&quot; unvan\u0131n\u0131 alan Mizuno, uzun \u00f6mr\u00fcn s\u0131rr\u0131na y\u00f6nelik a\u00e7\u0131klamas\u0131nda &quot;Bilmiyorum. Bu kadar uzun ya\u015fayaca\u011f\u0131m\u0131 hi\u00e7 d\u00fc\u015f\u00fcnmemi\u015ftim.&quot; yan\u0131t\u0131n\u0131 vermi\u015fti.<\/p>\n<p>Japonya Sa\u011fl\u0131k \u00c7al\u0131\u015fma ve Refah Bakanl\u0131\u011f\u0131, Eyl\u00fcl 2024&#x27;teki a\u00e7\u0131klamas\u0131nda \u00fclkede 100 ya\u015f ve \u00fczeri ki\u015filerin say\u0131s\u0131n\u0131 95 bin 119 olarak a\u00e7\u0131klam\u0131\u015ft\u0131.<\/p>\n<p>Yurtd\u0131\u015f\u0131nda ya\u015fanan en son olaylar, d\u00fcnya g\u00fcndemine oturan d\u0131\u015f haberler, son dakika d\u00fcnya haberleri, di\u011fer d\u00fcnya \u00fclkelerinden g\u00fcncel haberler i\u00e7in T\u00fcrkiye&#x27;nin&#8230;<\/p>\n","protected":false},"excerpt":{"rendered":"<p>Japonya&#8217;n\u0131n en ya\u015fl\u0131 erke\u011fi Mizuno Kiyotaka&#8217;n\u0131n 111 ya\u015f\u0131nda hayat\u0131n\u0131 kaybetti\u011fi bildirildi.<\/p>\n","protected":false},"author":2,"featured_media":759,"comment_status":"open","ping_status":"open","sticky":false,"template":"","format":"standard","meta":{"footnotes":""},"categories":[8,6,5],"tags":[],"class_list":["post-760","post","type-post","status-publish","format-standard","has-post-thumbnail","hentry","category-arsiv","category-gundem","category-son-dakika"],"_links":{"self":[{"href":"https:\/\/eskigazeteci.com\/index.php?rest_route=\/wp\/v2\/posts\/760","targetHints":{"allow":["GET"]}}],"collection":[{"href":"https:\/\/eskigazeteci.com\/index.php?rest_route=\/wp\/v2\/posts"}],"about":[{"href":"https:\/\/eskigazeteci.com\/index.php?rest_route=\/wp\/v2\/types\/post"}],"author":[{"embeddable":true,"href":"https:\/\/eskigazeteci.com\/index.php?rest_route=\/wp\/v2\/users\/2"}],"replies":[{"embeddable":true,"href":"https:\/\/eskigazeteci.com\/index.php?rest_route=%2Fwp%2Fv2%2Fcomments&post=760"}],"version-history":[{"count":0,"href":"https:\/\/eskigazeteci.com\/index.php?rest_route=\/wp\/v2\/posts\/760\/revisions"}],"wp:featuredmedia":[{"embeddable":true,"href":"https:\/\/eskigazeteci.com\/index.php?rest_route=\/wp\/v2\/media\/759"}],"wp:attachment":[{"href":"https:\/\/eskigazeteci.com\/index.php?rest_route=%2Fwp%2Fv2%2Fmedia&parent=760"}],"wp:term":[{"taxonomy":"category","embeddable":true,"href":"https:\/\/eskigazeteci.com\/index.php?rest_route=%2Fwp%2Fv2%2Fcategories&post=760"},{"taxonomy":"post_tag","embeddable":true,"href":"https:\/\/eskigazeteci.com\/index.php?rest_route=%2Fwp%2Fv2%2Ftags&post=760"}],"curies":[{"name":"wp","href":"https:\/\/api.w.org\/{rel}","templated":true}]}}