{"id":76,"date":"2026-02-06T10:32:06","date_gmt":"2026-02-06T10:32:06","guid":{"rendered":"https:\/\/eskigazeteci.com\/?p=76"},"modified":"2026-02-06T10:32:06","modified_gmt":"2026-02-06T10:32:06","slug":"haber-14","status":"publish","type":"post","link":"https:\/\/eskigazeteci.com\/?p=76","title":{"rendered":"Haber"},"content":{"rendered":"<p>Annesinin cenazesini \u00e7\u0131kartan, babas\u0131na ise sa\u011f olarak ula\u015fan Kamal\u0131, bir kartonun \u00fczerine apartmanda daire daire ya\u015fayan ki\u015filerin isimlerini yazd\u0131klar\u0131n\u0131, enkazdan \u00e7\u0131kar\u0131lanlar\u0131n isimlerini sa\u011f ya da hayat\u0131n\u0131 kaybetmi\u015f olarak i\u015faretlediklerini ifade etti. Kahramanmara\u015f merkezli 6 \u015eubat depremlerinde Hatay&#x27;\u0131n K\u0131r\u0131khan il\u00e7esinde ilk m\u00fcdahaleyi olaydan tam 25 dakika sonra kendi kep\u00e7esiyle yapan i\u015f makinesi operat\u00f6r\u00fc Cengiz Kamal\u0131, o g\u00fcn ya\u015fananlar\u0131 g\u00f6zya\u015flar\u0131 i\u00e7inde anlatt\u0131.<\/p>\n<p>Saatler s\u00fcren \u00e7al\u0131\u015fmalar s\u0131ras\u0131nda cesetlerle kar\u015f\u0131la\u015ft\u0131\u011f\u0131n\u0131, ailesini ararken b\u00fcy\u00fck bir \u00e7aresizlik ya\u015fad\u0131\u011f\u0131n\u0131 ifade eden Kamal\u0131, aradan 3 y\u0131l ge\u00e7mesine ra\u011fmen ya\u015fad\u0131klar\u0131n\u0131n etkisini h\u00e2l\u00e2 \u00fczerinden atamad\u0131\u011f\u0131n\u0131 s\u00f6yledi. Enkaz ba\u015f\u0131nda ya\u015fanan kaosu anlatan Kamal\u0131, o anlarda bir karton par\u00e7as\u0131n\u0131n \u00fczerine apartmanda daire daire ya\u015fayan ki\u015filerin isimlerini yazd\u0131klar\u0131n\u0131, enkazdan \u00e7\u0131kar\u0131lanlar\u0131n isimlerini ise sa\u011f ya da hayat\u0131n\u0131 kaybetmi\u015f olarak i\u015faretlediklerini belirtti.<\/p>\n<p>Depremin ard\u0131ndan ailesi ve babas\u0131n\u0131 da yan\u0131na alarak Hatay&#x27;dan ayr\u0131l\u0131p Isparta&#x27;ya yerle\u015fti\u011fini ifade eden Kamal\u0131, burada hayatlar\u0131na devam ettiklerini dile getirdi. Korku nedeniyle geceleri h\u00e2l\u00e2 uyuyamad\u0131\u011f\u0131n\u0131 s\u00f6yleyen Kamal\u0131, g\u00f6zlerini her kapatt\u0131\u011f\u0131nda enkazda kaybettikleri insanlar\u0131n g\u00f6z\u00fcn\u00fcn \u00f6n\u00fcne geldi\u011fini ifade etti.<\/p>\n<p>&quot;DEPREMDEN 25 DAK\u0130KA SONRA KEP\u00c7EMLE ENKAZA G\u0130RD\u0130M&quot;<\/p>\n<p>Hatay&#x27;\u0131n K\u0131r\u0131khan il\u00e7esi do\u011fumlu olan 50 ya\u015f\u0131ndaki Cengiz Kamal\u0131, &quot;Ben Hatay B\u00fcy\u00fck\u015fehir Belediyesinden emekliyim. 6 \u015eubat&#x27;ta saat 04.17&#x27;de meydana gelen depremde ilk m\u00fcdahaleyi yakla\u015f\u0131k 25 dakika i\u00e7inde yapt\u0131m. \u0130\u015f makinesiyle enkaza girdim. Bir i\u015f makinesinin kovas\u0131 par\u00e7aland\u0131. Daha sonra iki b\u00fcy\u00fck i\u015f makinesi temin ederek \u00e7al\u0131\u015fmalar\u0131m\u0131za devam ettik. Bu makinelerle hem canl\u0131lara ula\u015fmaya hem de enkazdan cenazeleri \u00e7\u0131karmaya ba\u015flad\u0131k&quot; dedi.<\/p>\n<p>&quot;BABAMI SA\u011e \u00c7IKARDIM, ANNEM\u0130 KAYBETT\u0130M&quot;<\/p>\n<p>Yakla\u015f\u0131k 7\u20138 saat sonra babas\u0131n\u0131 sa\u011f olarak enkazdan \u00e7\u0131kard\u0131\u011f\u0131n\u0131 s\u00f6yleyen Kamal\u0131, &quot;Enkaz \u00e7al\u0131\u015fmalar\u0131na devam etti\u011fim s\u0131ra annemin e\u015fyalar\u0131 \u00e7\u0131kmaya ba\u015flad\u0131\u011f\u0131nda \u2018Buras\u0131 annemin evi&#x27; dedim. O s\u0131rada vatanda\u015flar da araya girdi. A\u00e7t\u0131\u011f\u0131m bo\u015fluktan i\u00e7eri girildi, \u00e7ekyat\u0131n ayaklar\u0131 kesilerek babam oradan \u00e7\u0131kar\u0131ld\u0131. Babam sa\u011fd\u0131 ancak bacaklar\u0131nda, kollar\u0131nda ve v\u00fccudunun bir\u00e7ok yerinde ciddi k\u0131r\u0131klar vard\u0131. Annemi ise enkazda kaybetmi\u015ftik. Rabbime \u015f\u00fck\u00fcr babam \u015fu anda hayatta, ablam\u0131n yan\u0131nda kal\u0131yor. Kendi ba\u015f\u0131na kalkam\u0131yor, destekle ve yard\u0131mla ihtiya\u00e7lar\u0131n\u0131 kar\u015f\u0131layabiliyoruz&quot; diye konu\u015ftu.<\/p>\n<p>&quot;DEPREM\u0130N \u00dcZER\u0130NDEN YILLAR GE\u00c7T\u0130 AMA H\u00c2L\u00c2 UYUYAMIYORUM&quot;<\/p>\n<p>&quot;Isparta&#x27;ya gelmemizin sebebi burada bir ablam\u0131n olmas\u0131yd\u0131&quot; diyen Kamal\u0131, &quot;Eni\u015ftem jandarma uzman emeklisi ve burada ya\u015f\u0131yorlar. Ayr\u0131ca Isparta&#x27;daki okullar\u0131n e\u011fitim seviyesinin iyi olmas\u0131 da bizim i\u00e7in \u00f6nemliydi. Depremden bir ay sonra ailemi buraya getirdim. \u0130ki ay sonra emekli oldum ve tamamen buraya yerle\u015ftim. Operat\u00f6r oldu\u011fum i\u00e7in zaman zaman \u00e7al\u0131\u015f\u0131yorum ama d\u00fczenli bir i\u015fim yok. Emekliyim, yevmiye ile ge\u00e7inmeye \u00e7al\u0131\u015f\u0131yoruz&quot; ifadelerini kulland\u0131.<\/p>\n<p>Geceleri uyumakta \u00e7ok zorland\u0131\u011f\u0131n\u0131 belirten Kamal\u0131, &quot;G\u00f6z\u00fcm\u00fc kapatt\u0131\u011f\u0131m anda kaybetti\u011fimiz insanlar r\u00fcyalar\u0131ma giriyor. Korkuyla uyan\u0131yorum. Geceleri 1\u20132 saatten fazla uyuyam\u0131yorum. G\u00fcnd\u00fczleri f\u0131rsat bulabilirsem yar\u0131m saat, bir saat uyuyorum. T\u00fcm \u015fehitlerimize Rabbimden rahmet, geride kalanlara hay\u0131rl\u0131 ve g\u00fczel bir \u00f6m\u00fcr diliyorum. Rabbim \u00fclkemize bir daha b\u00f6yle ac\u0131lar ya\u015fatmas\u0131n&quot; dedi.<\/p>\n<p>&quot;SOBANIN \u00dcZER\u0130NE D\u00dc\u015eMESEYD\u0130M KOLON KAFAMI EZECEKT\u0130&quot;<\/p>\n<p>Enkazda ya\u015fad\u0131\u011f\u0131 anlar\u0131 anlatan Cengiz Kamal\u0131&#x27;n\u0131n babas\u0131 ise, &quot; Deprem oldu\u011funda tavan \u00e7\u00f6kt\u00fc ve arkamda bulunan demir soban\u0131n \u00fczerine d\u00fc\u015ft\u00fc. Soban\u0131n \u00fczerine d\u00fc\u015fmeseydi kolon kafam\u0131 ezecekti. Beni kurtarmaya gelenler \u00fczerime d\u00fc\u015fen betonu bir t\u00fcrl\u00fc delemediler. O\u011flum kep\u00e7eyle vurarak k\u0131rmaya \u00e7al\u0131\u015f\u0131yordu ancak beton bir t\u00fcrl\u00fc par\u00e7alanm\u0131yordu. \u0130ki ki\u015fi de beni \u00e7ekmeye \u00e7al\u0131\u015f\u0131yordu ama can\u0131m \u00e7ok yan\u0131yordu, ben de \u2018\u00c7ekmeyin, can\u0131m ac\u0131yor&#x27; diyordum. Orada s\u0131k\u0131\u015f\u0131p kalm\u0131\u015ft\u0131m. Daha sonra \u00fczerinde oturdu\u011fum koltu\u011fun ayaklar\u0131n\u0131 kestiler, biraz bo\u015fluk olu\u015ftu ve o \u015fekilde kurtuldum. V\u00fccudumun bir\u00e7ok yerinde k\u0131r\u0131klar vard\u0131. Daha sonra mutfak b\u00f6l\u00fcm\u00fcnde olan e\u015fime seslendim ancak ses gelmedi. O an \u2018Gitti&#x27; dedim. Bu vaziyette saatler sonra enkazdan \u00e7\u0131kar\u0131ld\u0131m&quot; ifadelerini kulland\u0131.<\/p>\n<p>T\u00fcrkiye g\u00fcndeminden son dakika haberleri, bug\u00fcn ya\u015fanan en son geli\u015fmeler, siyaset g\u00fcndeminden g\u00fcncel haberler ve b\u00fct\u00fcn son dakika haberleri i\u00e7in H\u00fcrriyet&#x27;in internet haber sitesi hurriyet.com.tr; Hurriyet.com.tr haber i\u00e7erikleri kaynak g\u00f6sterilmeden al\u0131nt\u0131 yap\u0131lamaz, Kanuna ayk\u0131r\u0131 ve izinsiz olarak kopyalanamaz, ba\u015fka yerde yay\u0131nlanamaz.<\/p>\n","protected":false},"excerpt":{"rendered":"<p>Kahramanmara\u015f merkezli 6 \u015eubat depremlerinde Hatay&#8217;\u0131n K\u0131r\u0131khan il\u00e7esinde ailesinin ya\u015fad\u0131\u011f\u0131 apartmana depremden yakla\u015f\u0131k 25 dakika sonra kep\u00e7esiyle giden i\u015f&#8230;<\/p>\n","protected":false},"author":2,"featured_media":75,"comment_status":"open","ping_status":"open","sticky":false,"template":"","format":"standard","meta":{"footnotes":""},"categories":[8,3],"tags":[],"class_list":["post-76","post","type-post","status-publish","format-standard","has-post-thumbnail","hentry","category-arsiv","category-siyaset"],"_links":{"self":[{"href":"https:\/\/eskigazeteci.com\/index.php?rest_route=\/wp\/v2\/posts\/76","targetHints":{"allow":["GET"]}}],"collection":[{"href":"https:\/\/eskigazeteci.com\/index.php?rest_route=\/wp\/v2\/posts"}],"about":[{"href":"https:\/\/eskigazeteci.com\/index.php?rest_route=\/wp\/v2\/types\/post"}],"author":[{"embeddable":true,"href":"https:\/\/eskigazeteci.com\/index.php?rest_route=\/wp\/v2\/users\/2"}],"replies":[{"embeddable":true,"href":"https:\/\/eskigazeteci.com\/index.php?rest_route=%2Fwp%2Fv2%2Fcomments&post=76"}],"version-history":[{"count":0,"href":"https:\/\/eskigazeteci.com\/index.php?rest_route=\/wp\/v2\/posts\/76\/revisions"}],"wp:featuredmedia":[{"embeddable":true,"href":"https:\/\/eskigazeteci.com\/index.php?rest_route=\/wp\/v2\/media\/75"}],"wp:attachment":[{"href":"https:\/\/eskigazeteci.com\/index.php?rest_route=%2Fwp%2Fv2%2Fmedia&parent=76"}],"wp:term":[{"taxonomy":"category","embeddable":true,"href":"https:\/\/eskigazeteci.com\/index.php?rest_route=%2Fwp%2Fv2%2Fcategories&post=76"},{"taxonomy":"post_tag","embeddable":true,"href":"https:\/\/eskigazeteci.com\/index.php?rest_route=%2Fwp%2Fv2%2Ftags&post=76"}],"curies":[{"name":"wp","href":"https:\/\/api.w.org\/{rel}","templated":true}]}}