{"id":758,"date":"2026-02-10T11:16:40","date_gmt":"2026-02-10T11:16:40","guid":{"rendered":"https:\/\/eskigazeteci.com\/?p=758"},"modified":"2026-02-10T11:16:40","modified_gmt":"2026-02-10T11:16:40","slug":"bakan-yumakli-her-yil-yaklasik-23-milyar-ton-gida-israf-ediliyor","status":"publish","type":"post","link":"https:\/\/eskigazeteci.com\/?p=758","title":{"rendered":"Bakan Yumakl\u0131: Her y\u0131l yakla\u015f\u0131k 2,3 milyar ton g\u0131da israf ediliyor"},"content":{"rendered":"<p>Tar\u0131m ve Orman Bakan\u0131 \u0130brahim Yumakl\u0131, Gaziantep&#x27;te S\u0131f\u0131r At\u0131k Vakf\u0131, Gaziantep Valili\u011fi, Gaziantep \u00c7evre, \u015eehircilik ve \u0130klim De\u011fi\u015fikli\u011fi \u0130l M\u00fcd\u00fcrl\u00fc\u011f\u00fc, Gaziantep \u0130l Tar\u0131m ve Orman M\u00fcd\u00fcrl\u00fc\u011f\u00fc, Gaziantep \u00dcniversitesi, Hasan Kalyoncu \u00dcniversitesi ve Gaziantep B\u00fcy\u00fck\u015fehir Belediyesi i\u015f birli\u011fiyle ger\u00e7ekle\u015ftirilen &#x27;Gaziantep \u00c7al\u0131\u015ftay\u0131 Sonu\u00e7 Konferans\u0131\u2019na kat\u0131ld\u0131. Programa; Bakan Yumakl\u0131&#x27;n\u0131n yan\u0131 s\u0131ra \u00c7evre, \u015eehircilik ve \u0130klim De\u011fi\u015fikli\u011fi Bakan Yard\u0131mc\u0131s\u0131 Fatma Varank, Gaziantep Valisi Kemal \u00c7eber, B\u00fcy\u00fck\u015fehir Belediye Ba\u015fkan\u0131 Fatma \u015eahin, Hasan Kalyoncu \u00dcniversitesi M\u00fctevelli Heyeti Ba\u015fkan\u0131 Haluk Kalyoncu ve Gaziantep \u00dcniversitesi Rekt\u00f6r\u00fc Prof. Dr. Sait Mesut Do\u011fan kat\u0131ld\u0131.<\/p>\n<p>&#x27;EVSEL ATIKTAN ENERJ\u0130 \u00dcRETMEK EN SOMUT \u00d6RNEKT\u0130R&#x27;<\/p>\n<p>Burada konu\u015fan Bakan Yumakl\u0131, &quot; S\u0131f\u0131r At\u0131k Vakf\u0131 koordinasyonunda y\u00fcr\u00fct\u00fclen bu \u00e7al\u0131\u015ftaylar, ortak bir metodolojiye dayanmaktad\u0131r. Tematik masa sistemi ve sorun, \u00e7\u00f6z\u00fcm, hedef ve izleme yakla\u015f\u0131m\u0131 sayesinde bu toplant\u0131lar yaln\u0131zca tespit yapmakla kalmam\u0131\u015f, uygulanabilir ve izlenebilir politika girdileri \u00fcretmi\u015ftir. Bu kapsamda her il i\u00e7in haz\u0131rlanacak Yerel S\u0131f\u0131r At\u0131k Hedef Belgeleri, yerel ihtiya\u00e7lar\u0131n ulusal politika tasar\u0131m\u0131na veri sa\u011flamas\u0131 a\u00e7\u0131s\u0131ndan son derece&#8230;<\/p>\n","protected":false},"excerpt":{"rendered":"<p>Tar\u0131m ve Orman Bakan\u0131 \u0130brahim Yumakl\u0131, K\u00fcresel \u00f6l\u00e7ekte her y\u0131l yakla\u015f\u0131k 2,3 milyar ton g\u0131dan\u0131n kaybedildi\u011fi veya israf edildi\u011fi hesaplanmaktad\u0131r. Bu g\u0131dan\u0131n&#8230;<\/p>\n","protected":false},"author":2,"featured_media":757,"comment_status":"open","ping_status":"open","sticky":false,"template":"","format":"standard","meta":{"footnotes":""},"categories":[8,6,5],"tags":[],"class_list":["post-758","post","type-post","status-publish","format-standard","has-post-thumbnail","hentry","category-arsiv","category-gundem","category-son-dakika"],"_links":{"self":[{"href":"https:\/\/eskigazeteci.com\/index.php?rest_route=\/wp\/v2\/posts\/758","targetHints":{"allow":["GET"]}}],"collection":[{"href":"https:\/\/eskigazeteci.com\/index.php?rest_route=\/wp\/v2\/posts"}],"about":[{"href":"https:\/\/eskigazeteci.com\/index.php?rest_route=\/wp\/v2\/types\/post"}],"author":[{"embeddable":true,"href":"https:\/\/eskigazeteci.com\/index.php?rest_route=\/wp\/v2\/users\/2"}],"replies":[{"embeddable":true,"href":"https:\/\/eskigazeteci.com\/index.php?rest_route=%2Fwp%2Fv2%2Fcomments&post=758"}],"version-history":[{"count":0,"href":"https:\/\/eskigazeteci.com\/index.php?rest_route=\/wp\/v2\/posts\/758\/revisions"}],"wp:featuredmedia":[{"embeddable":true,"href":"https:\/\/eskigazeteci.com\/index.php?rest_route=\/wp\/v2\/media\/757"}],"wp:attachment":[{"href":"https:\/\/eskigazeteci.com\/index.php?rest_route=%2Fwp%2Fv2%2Fmedia&parent=758"}],"wp:term":[{"taxonomy":"category","embeddable":true,"href":"https:\/\/eskigazeteci.com\/index.php?rest_route=%2Fwp%2Fv2%2Fcategories&post=758"},{"taxonomy":"post_tag","embeddable":true,"href":"https:\/\/eskigazeteci.com\/index.php?rest_route=%2Fwp%2Fv2%2Ftags&post=758"}],"curies":[{"name":"wp","href":"https:\/\/api.w.org\/{rel}","templated":true}]}}