{"id":756,"date":"2026-02-10T11:15:08","date_gmt":"2026-02-10T11:15:08","guid":{"rendered":"https:\/\/eskigazeteci.com\/?p=756"},"modified":"2026-02-10T11:15:08","modified_gmt":"2026-02-10T11:15:08","slug":"cemre-dusme-tarihleri-2026","status":"publish","type":"post","link":"https:\/\/eskigazeteci.com\/?p=756","title":{"rendered":"CEMRE D\u00dc\u015eME TAR\u0130HLER\u0130 2026"},"content":{"rendered":"<p>Cemre d\u00fc\u015fme tarihleri 2026 y\u0131l\u0131nda da bahar\u0131n m\u00fcjdecisi olmaya haz\u0131rlan\u0131yor. Halk inan\u0131\u015f\u0131na g\u00f6re havaya, suya ve topra\u011fa d\u00fc\u015fen cemreler do\u011fan\u0131n uyan\u0131\u015f\u0131n\u0131 simgeliyor. Peki 2026 cemre d\u00fc\u015fme tarihleri ne zaman, ilk cemre hangi tarihte d\u00fc\u015fecek? \u0130\u015fte, cemre d\u00fc\u015fme tarihleri 2026<\/p>\n<p>Cemre d\u00fc\u015fme tarihleri 2026 y\u0131l\u0131nda da bahar\u0131n m\u00fcjdecisi olmaya haz\u0131rlan\u0131yor. Halk inan\u0131\u015f\u0131na g\u00f6re havaya, suya ve topra\u011fa d\u00fc\u015fen cemreler do\u011fan\u0131n uyan\u0131\u015f\u0131n\u0131 simgeliyor. Peki 2026 cemre d\u00fc\u015fme tarihleri ne zaman, ilk cemre hangi tarihte d\u00fc\u015fecek? \u0130\u015fte, cemre d\u00fc\u015fme tarihleri 2026<\/p>\n<p>2026 y\u0131l\u0131nda cemreler, geleneksel inan\u0131\u015fa g\u00f6re \u015fu tarihlerde d\u00fc\u015fecek: \u2022 Birinci Cemre (Havaya): 19 \u015eubat 2026 \u2022 \u0130kinci Cemre (Suya): 26 \u015eubat 2026 \u2022 \u00dc\u00e7\u00fcnc\u00fc Cemre (Topra\u011fa): 5 Mart 2026 Bu tarihlerle birlikte hava s\u0131cakl\u0131klar\u0131nda art\u0131\u015f g\u00f6zlemlenirken, do\u011fada da yava\u015f yava\u015f bahar belirtileri ortaya \u00e7\u0131kmaya ba\u015fl\u0131yor.<\/p>\n<p>2026 y\u0131l\u0131nda cemreler, geleneksel inan\u0131\u015fa g\u00f6re \u015fu tarihlerde d\u00fc\u015fecek:<\/p>\n<p>\u2022 Birinci Cemre (Havaya): 19 \u015eubat 2026 \u2022 \u0130kinci Cemre (Suya): 26 \u015eubat 2026 \u2022 \u00dc\u00e7\u00fcnc\u00fc Cemre (Topra\u011fa): 5 Mart 2026<\/p>\n<p>Bu tarihlerle birlikte hava s\u0131cakl\u0131klar\u0131nda art\u0131\u015f g\u00f6zlemlenirken, do\u011fada da yava\u015f yava\u015f bahar belirtileri ortaya \u00e7\u0131kmaya ba\u015fl\u0131yor.<\/p>\n<p>Cemre, halk&#8230;<\/p>\n","protected":false},"excerpt":{"rendered":"<p>Bahar\u0131n yakla\u015ft\u0131\u011f\u0131n\u0131 simgeleyen cemre d\u00fc\u015fmesi, her y\u0131l oldu\u011fu gibi 2026\u2019da da merakla bekleniyor. K\u0131\u015f\u0131n so\u011fuk g\u00fcnlerinin geride kald\u0131\u011f\u0131n\u0131 haber veren&#8230;<\/p>\n","protected":false},"author":2,"featured_media":755,"comment_status":"open","ping_status":"open","sticky":false,"template":"","format":"standard","meta":{"footnotes":""},"categories":[8,6,5],"tags":[],"class_list":["post-756","post","type-post","status-publish","format-standard","has-post-thumbnail","hentry","category-arsiv","category-gundem","category-son-dakika"],"_links":{"self":[{"href":"https:\/\/eskigazeteci.com\/index.php?rest_route=\/wp\/v2\/posts\/756","targetHints":{"allow":["GET"]}}],"collection":[{"href":"https:\/\/eskigazeteci.com\/index.php?rest_route=\/wp\/v2\/posts"}],"about":[{"href":"https:\/\/eskigazeteci.com\/index.php?rest_route=\/wp\/v2\/types\/post"}],"author":[{"embeddable":true,"href":"https:\/\/eskigazeteci.com\/index.php?rest_route=\/wp\/v2\/users\/2"}],"replies":[{"embeddable":true,"href":"https:\/\/eskigazeteci.com\/index.php?rest_route=%2Fwp%2Fv2%2Fcomments&post=756"}],"version-history":[{"count":0,"href":"https:\/\/eskigazeteci.com\/index.php?rest_route=\/wp\/v2\/posts\/756\/revisions"}],"wp:featuredmedia":[{"embeddable":true,"href":"https:\/\/eskigazeteci.com\/index.php?rest_route=\/wp\/v2\/media\/755"}],"wp:attachment":[{"href":"https:\/\/eskigazeteci.com\/index.php?rest_route=%2Fwp%2Fv2%2Fmedia&parent=756"}],"wp:term":[{"taxonomy":"category","embeddable":true,"href":"https:\/\/eskigazeteci.com\/index.php?rest_route=%2Fwp%2Fv2%2Fcategories&post=756"},{"taxonomy":"post_tag","embeddable":true,"href":"https:\/\/eskigazeteci.com\/index.php?rest_route=%2Fwp%2Fv2%2Ftags&post=756"}],"curies":[{"name":"wp","href":"https:\/\/api.w.org\/{rel}","templated":true}]}}