{"id":754,"date":"2026-02-10T11:05:05","date_gmt":"2026-02-10T11:05:05","guid":{"rendered":"https:\/\/eskigazeteci.com\/?p=754"},"modified":"2026-02-10T11:05:05","modified_gmt":"2026-02-10T11:05:05","slug":"hong-kongda-korkutan-yangin-havalimaninda-panik-2","status":"publish","type":"post","link":"https:\/\/eskigazeteci.com\/?p=754","title":{"rendered":"Hong Kong&#8217;da korkutan yang\u0131n: Havaliman\u0131&#8217;nda panik"},"content":{"rendered":"<p>Hong Kong Uluslararas\u0131 Havaliman\u0131\u2019n\u0131n Terminal 1 b\u00f6l\u00fcm\u00fcnde bug\u00fcn \u00f6\u011fleden sonra \u00e7\u0131kan yang\u0131n, k\u0131sa s\u00fcreli pani\u011fe yol a\u00e7t\u0131. Havaliman\u0131 Otoritesi\u2019nin a\u00e7\u0131klamas\u0131na g\u00f6re, yerel saatle 15.00 s\u0131ralar\u0131nda (TS\u0130 07.00) ba\u015flayan yang\u0131n nedeniyle \u00fc\u00e7 bini\u015f k\u00f6pr\u00fcs\u00fc ge\u00e7ici olarak kapat\u0131ld\u0131.<\/p>\n<p>South China Morning Post&#x27;ta yer alan habere g\u00f6re yang\u0131n\u0131n, bir bini\u015f kap\u0131s\u0131na yak\u0131n elektrik ekipman\u0131 odas\u0131nda \u00e7\u0131kt\u0131\u011f\u0131 bildirildi. \u0130tfaiye ekipleri g\u00fcvenlik gerek\u00e7esiyle b\u00f6lgede bulunan 30 ki\u015fiyi tahliye etti.<\/p>\n<p>\u0130TFA\u0130YEDEN HIZLI M\u00dcDAHALE<\/p>\n<p>Hong Kong \u0130tfaiye Te\u015fkilat\u0131, saat 15.03\u2019te Hong Kong Uluslararas\u0131 Havaliman\u0131 \u2019nda acil durum ihbar\u0131 ald\u0131klar\u0131n\u0131 duyurdu. Olay yerine iki itfaiye arac\u0131 sevk edilirken, alevler yakla\u015f\u0131k bir saatlik \u00e7al\u0131\u015fman\u0131n ard\u0131ndan tamamen kontrol alt\u0131na al\u0131nd\u0131.<\/p>\n<p>Yang\u0131n s\u0131ras\u0131nda s\u00f6z konusu bini\u015f kap\u0131lar\u0131nda park halinde herhangi bir u\u00e7a\u011f\u0131n bulunmad\u0131\u011f\u0131 belirtildi. Yetkililer, olayda yaralanma ya\u015fanmad\u0131\u011f\u0131n\u0131 a\u00e7\u0131klad\u0131.<\/p>\n<p>Yang\u0131n\u0131n \u00e7\u0131k\u0131\u015f nedenine ili\u015fkin inceleme ba\u015flat\u0131ld\u0131.<\/p>\n<p>Yurtd\u0131\u015f\u0131nda ya\u015fanan en son olaylar, d\u00fcnya g\u00fcndemine oturan d\u0131\u015f haberler, son dakika d\u00fcnya haberleri, di\u011fer d\u00fcnya \u00fclkelerinden g\u00fcncel haberler i\u00e7in T\u00fcrkiye&#x27;nin haber sitesi hurriyet.com.tr; Hurriyet.com.tr haber i\u00e7erikleri&#8230;<\/p>\n","protected":false},"excerpt":{"rendered":"<p>\u00c7in&#8217;in Hong Kong \u00d6zel \u0130dari B\u00f6lgesi&#8217;ndeki Hong Kong Uluslararas\u0131 Havaliman\u0131&#8217;nda \u00e7\u0131kan yang\u0131n pani\u011fe neden oldu. \u0130tfaiye&#8217;nin h\u0131zla m\u00fcdahale etti\u011fi olay&#8230;<\/p>\n","protected":false},"author":2,"featured_media":753,"comment_status":"open","ping_status":"open","sticky":false,"template":"","format":"standard","meta":{"footnotes":""},"categories":[8,6,5],"tags":[],"class_list":["post-754","post","type-post","status-publish","format-standard","has-post-thumbnail","hentry","category-arsiv","category-gundem","category-son-dakika"],"_links":{"self":[{"href":"https:\/\/eskigazeteci.com\/index.php?rest_route=\/wp\/v2\/posts\/754","targetHints":{"allow":["GET"]}}],"collection":[{"href":"https:\/\/eskigazeteci.com\/index.php?rest_route=\/wp\/v2\/posts"}],"about":[{"href":"https:\/\/eskigazeteci.com\/index.php?rest_route=\/wp\/v2\/types\/post"}],"author":[{"embeddable":true,"href":"https:\/\/eskigazeteci.com\/index.php?rest_route=\/wp\/v2\/users\/2"}],"replies":[{"embeddable":true,"href":"https:\/\/eskigazeteci.com\/index.php?rest_route=%2Fwp%2Fv2%2Fcomments&post=754"}],"version-history":[{"count":0,"href":"https:\/\/eskigazeteci.com\/index.php?rest_route=\/wp\/v2\/posts\/754\/revisions"}],"wp:featuredmedia":[{"embeddable":true,"href":"https:\/\/eskigazeteci.com\/index.php?rest_route=\/wp\/v2\/media\/753"}],"wp:attachment":[{"href":"https:\/\/eskigazeteci.com\/index.php?rest_route=%2Fwp%2Fv2%2Fmedia&parent=754"}],"wp:term":[{"taxonomy":"category","embeddable":true,"href":"https:\/\/eskigazeteci.com\/index.php?rest_route=%2Fwp%2Fv2%2Fcategories&post=754"},{"taxonomy":"post_tag","embeddable":true,"href":"https:\/\/eskigazeteci.com\/index.php?rest_route=%2Fwp%2Fv2%2Ftags&post=754"}],"curies":[{"name":"wp","href":"https:\/\/api.w.org\/{rel}","templated":true}]}}