{"id":752,"date":"2026-02-10T10:58:07","date_gmt":"2026-02-10T10:58:07","guid":{"rendered":"https:\/\/eskigazeteci.com\/?p=752"},"modified":"2026-02-10T10:58:07","modified_gmt":"2026-02-10T10:58:07","slug":"ordunun-unye-ilcesinde-sahile-vurdu-bolgeye-ekipler-sevk-edildi","status":"publish","type":"post","link":"https:\/\/eskigazeteci.com\/?p=752","title":{"rendered":"Ordu&#8217;nun \u00dcnye il\u00e7esinde sahile vurdu: B\u00f6lgeye ekipler sevk edildi"},"content":{"rendered":"<p>Olay, saat 10.00 s\u0131ralar\u0131nda, Fevzi \u00c7akmak Mahallesi sahil mevkisinde meydana geldi. K\u0131y\u0131ya vuran bir cisim oldu\u011funu fark edenler, durumu 112 Acil \u00c7a\u011fr\u0131 Merkezi\u2019ne bildirdi. \u0130hbar \u00fczerine b\u00f6lgeye polis, jandarma ve Sahil G\u00fcvenlik Komutanl\u0131\u011f\u0131 ekipleri sevk edildi. Ekiplerin ilk incelemesinde k\u0131y\u0131ya vuran cismin bir insans\u0131z hava arac\u0131 par\u00e7as\u0131 oldu\u011fu de\u011ferlendirildi.<\/p>\n<p>\u00d6te yandan, bug\u00fcn \u0130stanbul&#x27;dan Su Alt\u0131 Savunma Grup Komutanl\u0131\u011f\u0131 (SAS) ekiplerinin gelece\u011fi, b\u00f6lgede inceleme yap\u0131laca\u011f\u0131 ve sonras\u0131nda par\u00e7an\u0131n imha edilece\u011fi belirtildi.<\/p>\n<p>T\u00fcrkiye g\u00fcndeminden son dakika haberleri, bug\u00fcn ya\u015fanan en son geli\u015fmeler, siyaset g\u00fcndeminden g\u00fcncel haberler ve b\u00fct\u00fcn son dakika haberleri i\u00e7in H\u00fcrriyet&#x27;in internet haber sitesi hurriyet.com.tr; Hurriyet.com.tr haber i\u00e7erikleri kaynak g\u00f6sterilmeden al\u0131nt\u0131 yap\u0131lamaz, Kanuna ayk\u0131r\u0131 ve izinsiz olarak kopyalanamaz, ba\u015fka yerde yay\u0131nlanamaz.<\/p>\n","protected":false},"excerpt":{"rendered":"<p>Ordu&#8217;nun \u00dcnye il\u00e7esinde sahilde k\u0131y\u0131ya vurmu\u015f bir insans\u0131z hava arac\u0131 (\u0130HA) par\u00e7as\u0131 bulundu.<\/p>\n","protected":false},"author":2,"featured_media":751,"comment_status":"open","ping_status":"open","sticky":false,"template":"","format":"standard","meta":{"footnotes":""},"categories":[8,6,5],"tags":[],"class_list":["post-752","post","type-post","status-publish","format-standard","has-post-thumbnail","hentry","category-arsiv","category-gundem","category-son-dakika"],"_links":{"self":[{"href":"https:\/\/eskigazeteci.com\/index.php?rest_route=\/wp\/v2\/posts\/752","targetHints":{"allow":["GET"]}}],"collection":[{"href":"https:\/\/eskigazeteci.com\/index.php?rest_route=\/wp\/v2\/posts"}],"about":[{"href":"https:\/\/eskigazeteci.com\/index.php?rest_route=\/wp\/v2\/types\/post"}],"author":[{"embeddable":true,"href":"https:\/\/eskigazeteci.com\/index.php?rest_route=\/wp\/v2\/users\/2"}],"replies":[{"embeddable":true,"href":"https:\/\/eskigazeteci.com\/index.php?rest_route=%2Fwp%2Fv2%2Fcomments&post=752"}],"version-history":[{"count":0,"href":"https:\/\/eskigazeteci.com\/index.php?rest_route=\/wp\/v2\/posts\/752\/revisions"}],"wp:featuredmedia":[{"embeddable":true,"href":"https:\/\/eskigazeteci.com\/index.php?rest_route=\/wp\/v2\/media\/751"}],"wp:attachment":[{"href":"https:\/\/eskigazeteci.com\/index.php?rest_route=%2Fwp%2Fv2%2Fmedia&parent=752"}],"wp:term":[{"taxonomy":"category","embeddable":true,"href":"https:\/\/eskigazeteci.com\/index.php?rest_route=%2Fwp%2Fv2%2Fcategories&post=752"},{"taxonomy":"post_tag","embeddable":true,"href":"https:\/\/eskigazeteci.com\/index.php?rest_route=%2Fwp%2Fv2%2Ftags&post=752"}],"curies":[{"name":"wp","href":"https:\/\/api.w.org\/{rel}","templated":true}]}}