{"id":748,"date":"2026-02-10T10:55:04","date_gmt":"2026-02-10T10:55:04","guid":{"rendered":"https:\/\/eskigazeteci.com\/?p=748"},"modified":"2026-02-10T10:55:04","modified_gmt":"2026-02-10T10:55:04","slug":"okan-buruku-mest-etti-galatasarayin-yeni-transferinden-sov","status":"publish","type":"post","link":"https:\/\/eskigazeteci.com\/?p=748","title":{"rendered":"Okan Buruk\u2019u mest etti! Galatasaray&#8217;\u0131n yeni transferinden \u015fov"},"content":{"rendered":"<p>Galatasaray \u2019\u0131n Almanya temsilcisi Borussia M\u00f6nchengladbach\u2019tan kadrosuna katt\u0131\u011f\u0131 Can Armando G\u00fcner, Sar\u0131-K\u0131rm\u0131z\u0131l\u0131 camiada b\u00fcy\u00fck heyecan yaratt\u0131.<\/p>\n<p>D\u0130KKATLER\u0130 \u00dcZER\u0130NE \u00c7EKT\u0130<\/p>\n<p>Ara transferin son g\u00fcnlerinde Galatasaray&#x27;a kat\u0131lan Can Armando Okan Buruk&#x27;u heyecanland\u0131rd\u0131. Tak\u0131mla birlikte antrenmanlara \u00e7\u0131kan ve Rizespor deplasman\u0131 kadrosunda da yer alan 18 ya\u015f\u0131ndaki kanat oyuncusu, k\u0131sa s\u00fcrede dikkatleri \u00fczerine \u00e7ekti.<\/p>\n<p>HAYRAN BIRAKTI<\/p>\n<p>Gen\u00e7 futbolcunun idmanlardaki performans\u0131 ve yetene\u011fiyle neredeyse t\u00fcm teknik ekibi kendisine hayran b\u0131rakt\u0131\u011f\u0131 \u00f6\u011frenildi. \u00d6zellikle bire birdeki becerisi, h\u0131z\u0131 ve oyun zek\u00e2s\u0131yla \u00f6ne \u00e7\u0131kan Can Armando\u2019nun geli\u015fimi yak\u0131ndan takip ediliyor.<\/p>\n<p>OKAN BURUK DO\u011eRU ZAMANI BEKL\u0130YOR<\/p>\n<p>Teknik direkt\u00f6r Okan Buruk \u2019un, gen\u00e7 oyuncuyu acele etmeden, en do\u011fru zamanda sahaya s\u00fcrerek geli\u015fimine katk\u0131 sa\u011flamay\u0131 planlad\u0131\u011f\u0131 belirtildi. Galatasaray cephesi, Can Armando G\u00fcner \u2019i gelece\u011fe y\u00f6nelik \u00f6nemli bir yat\u0131r\u0131m olarak g\u00f6r\u00fcyor.<\/p>\n<p>T\u00fcrkiye&#x27;den ve D\u00fcnya\u2019dan son dakika haberleri, k\u00f6\u015fe yaz\u0131lar\u0131, magazinden siyasete, spordan seyahate b\u00fct\u00fcn konular\u0131n tek adresi Hurriyet.com.tr haber i\u00e7erikleri izin al\u0131nmadan, kaynak g\u00f6sterilerek dahi iktibas edilemez. Kanuna ayk\u0131r\u0131 ve izinsiz olarak&#8230;<\/p>\n","protected":false},"excerpt":{"rendered":"<p>Galatasaray\u2019\u0131n ara transfer sezonunda kadrosuna katt\u0131\u011f\u0131 Can Armando G\u00fcner i\u00e7in Okan Buruk tam not verdi. \u0130\u015fte ayr\u0131nt\u0131lar\u2026<\/p>\n","protected":false},"author":2,"featured_media":747,"comment_status":"open","ping_status":"open","sticky":false,"template":"","format":"standard","meta":{"footnotes":""},"categories":[8,5,7],"tags":[],"class_list":["post-748","post","type-post","status-publish","format-standard","has-post-thumbnail","hentry","category-arsiv","category-son-dakika","category-spor"],"_links":{"self":[{"href":"https:\/\/eskigazeteci.com\/index.php?rest_route=\/wp\/v2\/posts\/748","targetHints":{"allow":["GET"]}}],"collection":[{"href":"https:\/\/eskigazeteci.com\/index.php?rest_route=\/wp\/v2\/posts"}],"about":[{"href":"https:\/\/eskigazeteci.com\/index.php?rest_route=\/wp\/v2\/types\/post"}],"author":[{"embeddable":true,"href":"https:\/\/eskigazeteci.com\/index.php?rest_route=\/wp\/v2\/users\/2"}],"replies":[{"embeddable":true,"href":"https:\/\/eskigazeteci.com\/index.php?rest_route=%2Fwp%2Fv2%2Fcomments&post=748"}],"version-history":[{"count":0,"href":"https:\/\/eskigazeteci.com\/index.php?rest_route=\/wp\/v2\/posts\/748\/revisions"}],"wp:featuredmedia":[{"embeddable":true,"href":"https:\/\/eskigazeteci.com\/index.php?rest_route=\/wp\/v2\/media\/747"}],"wp:attachment":[{"href":"https:\/\/eskigazeteci.com\/index.php?rest_route=%2Fwp%2Fv2%2Fmedia&parent=748"}],"wp:term":[{"taxonomy":"category","embeddable":true,"href":"https:\/\/eskigazeteci.com\/index.php?rest_route=%2Fwp%2Fv2%2Fcategories&post=748"},{"taxonomy":"post_tag","embeddable":true,"href":"https:\/\/eskigazeteci.com\/index.php?rest_route=%2Fwp%2Fv2%2Ftags&post=748"}],"curies":[{"name":"wp","href":"https:\/\/api.w.org\/{rel}","templated":true}]}}