{"id":740,"date":"2026-02-10T10:36:26","date_gmt":"2026-02-10T10:36:26","guid":{"rendered":"https:\/\/eskigazeteci.com\/?p=740"},"modified":"2026-02-10T10:36:26","modified_gmt":"2026-02-10T10:36:26","slug":"kanye-west-ve-bianca-kardashian-gercek-ve-ustad","status":"publish","type":"post","link":"https:\/\/eskigazeteci.com\/?p=740","title":{"rendered":"Kanye West ve Bianca Kardashian: Ger\u00e7ek ve Ustad"},"content":{"rendered":"<p>2023 y\u0131l\u0131nda \u00e7ekilen tekne foto\u011fraf\u0131 kar\u015f\u0131s\u0131nda, Bianca Censori, kendisini ama \u00f6zellikle de babas\u0131n\u0131 k\u00fc\u00e7\u00fck olarak yorumlar yap\u0131yor. O zamanlar da birlikte Venedik&#x27;teki bir oyununda kocas\u0131yla kar\u015f\u0131la\u015f\u0131yorlard\u0131.<\/p>\n","protected":false},"excerpt":{"rendered":"<p>Kim Kardashian ile evlenme sonras\u0131, o\u011flanlar\u0131n kocas\u0131 taraf\u0131ndan nas\u0131l kar\u015f\u0131lan\u0131yor?<\/p>\n","protected":false},"author":2,"featured_media":739,"comment_status":"open","ping_status":"open","sticky":false,"template":"","format":"standard","meta":{"footnotes":""},"categories":[8,6,5],"tags":[],"class_list":["post-740","post","type-post","status-publish","format-standard","has-post-thumbnail","hentry","category-arsiv","category-gundem","category-son-dakika"],"_links":{"self":[{"href":"https:\/\/eskigazeteci.com\/index.php?rest_route=\/wp\/v2\/posts\/740","targetHints":{"allow":["GET"]}}],"collection":[{"href":"https:\/\/eskigazeteci.com\/index.php?rest_route=\/wp\/v2\/posts"}],"about":[{"href":"https:\/\/eskigazeteci.com\/index.php?rest_route=\/wp\/v2\/types\/post"}],"author":[{"embeddable":true,"href":"https:\/\/eskigazeteci.com\/index.php?rest_route=\/wp\/v2\/users\/2"}],"replies":[{"embeddable":true,"href":"https:\/\/eskigazeteci.com\/index.php?rest_route=%2Fwp%2Fv2%2Fcomments&post=740"}],"version-history":[{"count":0,"href":"https:\/\/eskigazeteci.com\/index.php?rest_route=\/wp\/v2\/posts\/740\/revisions"}],"wp:featuredmedia":[{"embeddable":true,"href":"https:\/\/eskigazeteci.com\/index.php?rest_route=\/wp\/v2\/media\/739"}],"wp:attachment":[{"href":"https:\/\/eskigazeteci.com\/index.php?rest_route=%2Fwp%2Fv2%2Fmedia&parent=740"}],"wp:term":[{"taxonomy":"category","embeddable":true,"href":"https:\/\/eskigazeteci.com\/index.php?rest_route=%2Fwp%2Fv2%2Fcategories&post=740"},{"taxonomy":"post_tag","embeddable":true,"href":"https:\/\/eskigazeteci.com\/index.php?rest_route=%2Fwp%2Fv2%2Ftags&post=740"}],"curies":[{"name":"wp","href":"https:\/\/api.w.org\/{rel}","templated":true}]}}