{"id":738,"date":"2026-02-10T10:35:05","date_gmt":"2026-02-10T10:35:05","guid":{"rendered":"https:\/\/eskigazeteci.com\/?p=738"},"modified":"2026-02-10T10:35:05","modified_gmt":"2026-02-10T10:35:05","slug":"siz-hepiniz-esref-tek","status":"publish","type":"post","link":"https:\/\/eskigazeteci.com\/?p=738","title":{"rendered":"Siz hepiniz E\u015fref Tek!"},"content":{"rendered":"<p>KARDE\u015eL\u0130KTEN \u0130HANETE<\/p>\n<p>G\u00f6rkem Sevindik\u2019in hayat verdi\u011fi Kadir, E\u015fref\u2019in \u201ckarde\u015fim\u201d dedi\u011fi ancak en a\u011f\u0131r ihaneti ya\u015fatan isimlerden biri. G\u00fc\u00e7 h\u0131rs\u0131 ve kontrol arzusu, Kadir\u2019i geri d\u00f6n\u00fc\u015f\u00fc olmayan bir yola s\u00fcr\u00fckl\u00fcyor. E\u015fref ile aras\u0131ndaki ba\u011f, art\u0131k a\u00e7\u0131k bir sava\u015fa d\u00f6n\u00fc\u015fm\u00fc\u015f durumda.<\/p>\n<p>GE\u00c7M\u0130\u015eTEN GELEN CAN D\u00dc\u015eMANI<\/p>\n<p>E\u015fref\u2019in \u00e7ocuklu\u011fundan bu yana pe\u015fini b\u0131rakmayan bir di\u011fer karanl\u0131k isim ise Din\u00e7er\u2026 Taner Rumeli\u2019nin canland\u0131rd\u0131\u011f\u0131 karakter, ge\u00e7mi\u015ften gelen hesaplar\u0131yla E\u015fref\u2019in kar\u015f\u0131s\u0131na \u00e7\u0131k\u0131yor. Din\u00e7er\u2019in kini ve ac\u0131mas\u0131zl\u0131\u011f\u0131, \u00e7at\u0131\u015fman\u0131n boyutunu her ge\u00e7en b\u00f6l\u00fcm daha da b\u00fcy\u00fct\u00fcyor.<\/p>\n<p>KOM\u0130K AMA \u00d6FKEL\u0130!<\/p>\n<p>Dizide Kenan karakterini canland\u0131ran Kaan Turgut, e\u011flenceli tav\u0131rlar\u0131yla Kadir\u2019in sa\u011f kolu, E\u015fref\u2019in d\u00fc\u015fman\u0131 olarak dikkat \u00e7ekiyor. E\u015fref\u2019e kar\u015f\u0131 perde arkas\u0131ndan y\u00fcr\u00fctt\u00fc\u011f\u00fc planlarla hikayenin komik fig\u00fcrlerinden biri olarak \u00f6ne \u00e7\u0131k\u0131yor.<\/p>\n<p>SANAL MEDYADA G\u00dcL\u00dcMSETEN KARE<\/p>\n<p>Dizide t\u00fcm bu sert \u00e7at\u0131\u015fmalar ya\u015fan\u0131rken, sanal medyada payla\u015f\u0131lan foto\u011fraf g\u00fcndem oldu. Dizide E\u015fref\u2019e kar\u015f\u0131 cephe alan \u00fc\u00e7 karakterin g\u00fcl\u00fcmsemesi, hayranlardan binlerce yorum ald\u0131. \u201cEkranda d\u00fc\u015fman, kamera arkas\u0131nda dost\u201d yorumlar\u0131 dikkat \u00e7ekti.<\/p>\n<p>T\u0130MSB\u0130 imzal\u0131 E\u015fref R\u00fcya , yeni b\u00f6l\u00fcm\u00fcyle \u00e7ar\u015famba ak\u015fam\u0131 saat 20.00\u2019de Kanal&#8230;<\/p>\n","protected":false},"excerpt":{"rendered":"<p>Kanal D\u2019nin fenomen dizisi E\u015fref R\u00fcya, hikayesini her b\u00f6l\u00fcm daha da sertle\u015ftirirken, dizinin k\u00f6t\u00fcler cephesi \u00e7ok konu\u015fuluyor. \u00c7a\u011fatay Ulusoy\u2019un hayat verdi\u011fi&#8230;<\/p>\n","protected":false},"author":2,"featured_media":737,"comment_status":"open","ping_status":"open","sticky":false,"template":"","format":"standard","meta":{"footnotes":""},"categories":[8,6,5],"tags":[],"class_list":["post-738","post","type-post","status-publish","format-standard","has-post-thumbnail","hentry","category-arsiv","category-gundem","category-son-dakika"],"_links":{"self":[{"href":"https:\/\/eskigazeteci.com\/index.php?rest_route=\/wp\/v2\/posts\/738","targetHints":{"allow":["GET"]}}],"collection":[{"href":"https:\/\/eskigazeteci.com\/index.php?rest_route=\/wp\/v2\/posts"}],"about":[{"href":"https:\/\/eskigazeteci.com\/index.php?rest_route=\/wp\/v2\/types\/post"}],"author":[{"embeddable":true,"href":"https:\/\/eskigazeteci.com\/index.php?rest_route=\/wp\/v2\/users\/2"}],"replies":[{"embeddable":true,"href":"https:\/\/eskigazeteci.com\/index.php?rest_route=%2Fwp%2Fv2%2Fcomments&post=738"}],"version-history":[{"count":0,"href":"https:\/\/eskigazeteci.com\/index.php?rest_route=\/wp\/v2\/posts\/738\/revisions"}],"wp:featuredmedia":[{"embeddable":true,"href":"https:\/\/eskigazeteci.com\/index.php?rest_route=\/wp\/v2\/media\/737"}],"wp:attachment":[{"href":"https:\/\/eskigazeteci.com\/index.php?rest_route=%2Fwp%2Fv2%2Fmedia&parent=738"}],"wp:term":[{"taxonomy":"category","embeddable":true,"href":"https:\/\/eskigazeteci.com\/index.php?rest_route=%2Fwp%2Fv2%2Fcategories&post=738"},{"taxonomy":"post_tag","embeddable":true,"href":"https:\/\/eskigazeteci.com\/index.php?rest_route=%2Fwp%2Fv2%2Ftags&post=738"}],"curies":[{"name":"wp","href":"https:\/\/api.w.org\/{rel}","templated":true}]}}