{"id":734,"date":"2026-02-10T10:26:35","date_gmt":"2026-02-10T10:26:35","guid":{"rendered":"https:\/\/eskigazeteci.com\/?p=734"},"modified":"2026-02-10T10:26:35","modified_gmt":"2026-02-10T10:26:35","slug":"trabzonspor-fatih-tekke-ile-bir-ilk-pesinde","status":"publish","type":"post","link":"https:\/\/eskigazeteci.com\/?p=734","title":{"rendered":"Trabzonspor, Fatih Tekke ile bir ilk pe\u015finde!"},"content":{"rendered":"<p>Ligde geride kalan 21 haftada toplad\u0131\u011f\u0131 45 puanla lider Galatasaray &#x27;\u0131n 7, Fenerbah\u00e7e &#x27;nin de 4 puan gerisinde \u00fc\u00e7\u00fcnc\u00fc s\u0131rada yer alan bordo-mavililer, b\u00fcy\u00fck tak\u0131mlar kar\u015f\u0131s\u0131nda galibiyet \u00f6zlemini sonland\u0131rarak zirve yar\u0131\u015f\u0131ndan kopmak istemiyor.<\/p>\n<p>Karadeniz ekibi, teknik direkt\u00f6r Fatih Tekke y\u00f6netiminde k\u00f6t\u00fc g\u00fcnleri geride b\u0131rakarak \u00e7\u0131k\u0131\u015fa ge\u00e7se de b\u00fcy\u00fck ma\u00e7larda ayn\u0131 ba\u015far\u0131y\u0131 g\u00f6steremedi. Bordo-mavililer, Tekke d\u00f6neminde b\u00fcy\u00fck rakipleriyle ligde 5, Ziraat T\u00fcrkiye Kupas\u0131 ve Turkcell S\u00fcper Kupa&#x27;da da birer olmak \u00fczere oynad\u0131\u011f\u0131 7 ma\u00e7\u0131 kazanamad\u0131.<\/p>\n<p>Trabzonspor, bu ma\u00e7larda 5 ma\u011flubiyet ve 2 beraberlik ya\u015fad\u0131.<\/p>\n<p>FENERBAH\u00c7E \u0130LE \u00dc\u00c7\u00dcNC\u00dc MA\u00c7<\/p>\n<p>Trabzonspor, teknik direkt\u00f6r Fatih Tekke idaresinde Fenerbah\u00e7e ile \u00fc\u00e7\u00fcnc\u00fc kez kar\u015f\u0131la\u015facak.<\/p>\n<p>Bordo-mavililer, sar\u0131-lacivertli tak\u0131m kar\u015f\u0131s\u0131nda ligdeki 2 ma\u00e7tan da yenilgi ile ayr\u0131ld\u0131. Bu kar\u015f\u0131la\u015fmalarda 5 gol yiyen Karadeniz temsilcisi, 1 gol att\u0131.<\/p>\n<p>TEKKE Y\u00d6NET\u0130M\u0130NDEK\u0130 B\u00dcY\u00dcK MA\u00c7LAR<\/p>\n<p>Trabzonspor, Fatih Tekke ile ge\u00e7en sezon Fenerbah\u00e7e ile deplasmanda oynad\u0131\u011f\u0131 kar\u015f\u0131la\u015fmada 4-1&#x27;lik yenilgiyle ayr\u0131larak ilk b\u00fcy\u00fck s\u0131nav\u0131nda ba\u015far\u0131l\u0131 olamad\u0131.<\/p>\n<p>Karadeniz ekibi, daha sonra gen\u00e7 \u00e7al\u0131\u015ft\u0131r\u0131c\u0131 ile 5 g\u00fcn i\u00e7inde Galatasaray&#x27;a ligde 2-0, Ziraat T\u00fcrkiye Kupas\u0131&#x27;nda 3-0&#8230;<\/p>\n","protected":false},"excerpt":{"rendered":"<p>S\u00fcper Lig&#8217;in 22. haftas\u0131nda 14 \u015eubat Cumartesi g\u00fcn\u00fc Fenerbah\u00e7e&#8217;yi konuk edecek Trabzonspor, teknik direkt\u00f6r Fatih Tekke y\u00f6netiminde b\u00fcy\u00fck ma\u00e7larda ilk&#8230;<\/p>\n","protected":false},"author":2,"featured_media":733,"comment_status":"open","ping_status":"open","sticky":false,"template":"","format":"standard","meta":{"footnotes":""},"categories":[8,5,7],"tags":[],"class_list":["post-734","post","type-post","status-publish","format-standard","has-post-thumbnail","hentry","category-arsiv","category-son-dakika","category-spor"],"_links":{"self":[{"href":"https:\/\/eskigazeteci.com\/index.php?rest_route=\/wp\/v2\/posts\/734","targetHints":{"allow":["GET"]}}],"collection":[{"href":"https:\/\/eskigazeteci.com\/index.php?rest_route=\/wp\/v2\/posts"}],"about":[{"href":"https:\/\/eskigazeteci.com\/index.php?rest_route=\/wp\/v2\/types\/post"}],"author":[{"embeddable":true,"href":"https:\/\/eskigazeteci.com\/index.php?rest_route=\/wp\/v2\/users\/2"}],"replies":[{"embeddable":true,"href":"https:\/\/eskigazeteci.com\/index.php?rest_route=%2Fwp%2Fv2%2Fcomments&post=734"}],"version-history":[{"count":0,"href":"https:\/\/eskigazeteci.com\/index.php?rest_route=\/wp\/v2\/posts\/734\/revisions"}],"wp:featuredmedia":[{"embeddable":true,"href":"https:\/\/eskigazeteci.com\/index.php?rest_route=\/wp\/v2\/media\/733"}],"wp:attachment":[{"href":"https:\/\/eskigazeteci.com\/index.php?rest_route=%2Fwp%2Fv2%2Fmedia&parent=734"}],"wp:term":[{"taxonomy":"category","embeddable":true,"href":"https:\/\/eskigazeteci.com\/index.php?rest_route=%2Fwp%2Fv2%2Fcategories&post=734"},{"taxonomy":"post_tag","embeddable":true,"href":"https:\/\/eskigazeteci.com\/index.php?rest_route=%2Fwp%2Fv2%2Ftags&post=734"}],"curies":[{"name":"wp","href":"https:\/\/api.w.org\/{rel}","templated":true}]}}