{"id":732,"date":"2026-02-10T10:25:03","date_gmt":"2026-02-10T10:25:03","guid":{"rendered":"https:\/\/eskigazeteci.com\/?p=732"},"modified":"2026-02-10T10:25:03","modified_gmt":"2026-02-10T10:25:03","slug":"ferdi-kadioglu-hayalini-acikladi-dunya-kupasi-itirafi","status":"publish","type":"post","link":"https:\/\/eskigazeteci.com\/?p=732","title":{"rendered":"Ferdi Kad\u0131o\u011flu hayalini a\u00e7\u0131klad\u0131! D\u00fcnya Kupas\u0131 itiraf\u0131"},"content":{"rendered":"<p>\u0130ngiltere Premier League ekibi Brighton&#x27;da forma giyen Ferdi Kad\u0131o\u011flu, a\u00e7\u0131klamalarda bulundu.<\/p>\n<p>Brighton &#x27;daki g\u00fcnleriyle ilgili konu\u015fan Kad\u0131o\u011flu, &quot;Sakatl\u0131ktan d\u00f6nd\u00fc\u011f\u00fcm i\u00e7in ger\u00e7ekten \u00e7ok mutluyum. \u00c7ok say\u0131da ma\u00e7 oynad\u0131m ve eski seviyeme olduk\u00e7a h\u0131zl\u0131 d\u00f6nd\u00fcm, bu da beni olduk\u00e7a memnun ediyor. Ma\u00e7\u0131n oyuncusu se\u00e7ilme konusuna gelince ise bunu tek ba\u015f\u0131ma yapmam m\u00fcmk\u00fcn de\u011fil, tak\u0131m arkada\u015flar\u0131m\u0131n deste\u011fine ihtiyac\u0131m var. Herkes benim i\u00e7in m\u00fccadele etti, bu beni mutlu ediyor. Ama bir tak\u0131m olarak kazanmak benim i\u00e7in her \u015feyden daha \u00f6nemli.&quot; dedi.<\/p>\n<p>&quot;ARAMIZDA \u00c7OK \u0130Y\u0130 B\u0130R \u0130L\u0130\u015eK\u0130 VAR&quot;<\/p>\n<p>Teknik direkt\u00f6r Fabian H\u00fcrzeler ile olan ili\u015fkisine de\u011finen milli y\u0131ld\u0131z, &quot;Onun gen\u00e7 olmas\u0131n\u0131n sadece bir say\u0131dan ibaret oldu\u011funu d\u00fc\u015f\u00fcn\u00fcyorum. Aram\u0131zda \u00e7ok iyi bir ili\u015fki var ve bana ger\u00e7ekten \u00e7ok g\u00fcvendi\u011fini hissediyorum. Beni sahada bir\u00e7ok farkl\u0131 pozisyonda oynat\u0131yor, sakatl\u0131ktan sonra da bana s\u0131k s\u0131k forma \u015fans\u0131 verdi. Bu gidi\u015fattan \u00e7ok memnunum ve umar\u0131m b\u00f6yle devam eder.&quot; ifadelerini kulland\u0131.<\/p>\n<p>&quot;YO\u011eUNLUK \u00c7OK DAHA Y\u00dcKSEK&quot;<\/p>\n<p>\u0130ngiltere Premier League ile Trendyol S\u00fcper Lig&#x27;i k\u0131yaslayan 26 ya\u015f\u0131ndaki sol bek, &quot;Premier League\u2019deki yo\u011funlu\u011fun, S\u00fcper Lig\u2019e k\u0131yasla \u00e7ok daha y\u00fcksek oldu\u011funu d\u00fc\u015f\u00fcn\u00fcyorum. Ge\u00e7en sezon&#8230;<\/p>\n","protected":false},"excerpt":{"rendered":"<p>A Milli Futbol Tak\u0131m\u0131&#8217;m\u0131z\u0131n ve Premier Lig ekibi Brighton&#8217;un y\u0131ld\u0131z\u0131 Ferdi Kad\u0131o\u011flu, \u0130ngiltere&#8217;deki g\u00fcnlerinden A Milli Tak\u0131m ve D\u00fcnya Kupas\u0131&#8217;na dek&#8230;<\/p>\n","protected":false},"author":2,"featured_media":731,"comment_status":"open","ping_status":"open","sticky":false,"template":"","format":"standard","meta":{"footnotes":""},"categories":[8,5,7],"tags":[],"class_list":["post-732","post","type-post","status-publish","format-standard","has-post-thumbnail","hentry","category-arsiv","category-son-dakika","category-spor"],"_links":{"self":[{"href":"https:\/\/eskigazeteci.com\/index.php?rest_route=\/wp\/v2\/posts\/732","targetHints":{"allow":["GET"]}}],"collection":[{"href":"https:\/\/eskigazeteci.com\/index.php?rest_route=\/wp\/v2\/posts"}],"about":[{"href":"https:\/\/eskigazeteci.com\/index.php?rest_route=\/wp\/v2\/types\/post"}],"author":[{"embeddable":true,"href":"https:\/\/eskigazeteci.com\/index.php?rest_route=\/wp\/v2\/users\/2"}],"replies":[{"embeddable":true,"href":"https:\/\/eskigazeteci.com\/index.php?rest_route=%2Fwp%2Fv2%2Fcomments&post=732"}],"version-history":[{"count":0,"href":"https:\/\/eskigazeteci.com\/index.php?rest_route=\/wp\/v2\/posts\/732\/revisions"}],"wp:featuredmedia":[{"embeddable":true,"href":"https:\/\/eskigazeteci.com\/index.php?rest_route=\/wp\/v2\/media\/731"}],"wp:attachment":[{"href":"https:\/\/eskigazeteci.com\/index.php?rest_route=%2Fwp%2Fv2%2Fmedia&parent=732"}],"wp:term":[{"taxonomy":"category","embeddable":true,"href":"https:\/\/eskigazeteci.com\/index.php?rest_route=%2Fwp%2Fv2%2Fcategories&post=732"},{"taxonomy":"post_tag","embeddable":true,"href":"https:\/\/eskigazeteci.com\/index.php?rest_route=%2Fwp%2Fv2%2Ftags&post=732"}],"curies":[{"name":"wp","href":"https:\/\/api.w.org\/{rel}","templated":true}]}}