{"id":730,"date":"2026-02-10T10:18:08","date_gmt":"2026-02-10T10:18:08","guid":{"rendered":"https:\/\/eskigazeteci.com\/?p=730"},"modified":"2026-02-10T10:18:08","modified_gmt":"2026-02-10T10:18:08","slug":"diyarbakirda-3-yasindaki-cocugun-kahreden-olumu-silahla-oynayan-kardesi-kazara-vurdu","status":"publish","type":"post","link":"https:\/\/eskigazeteci.com\/?p=730","title":{"rendered":"Diyarbak\u0131r&#8217;da 3 ya\u015f\u0131ndaki \u00e7ocu\u011fun kahreden \u00f6l\u00fcm\u00fc! Silahla oynayan karde\u015fi kazara vurdu"},"content":{"rendered":"<p>Olay, \u00f6nceki g\u00fcn ak\u015fam saatlerinde Yeni\u015fehir il\u00e7esi \u00dc\u00e7kuyular Mahallesi\u2019nde meydana geldi. \u0130ddiaya g\u00f6re; \u0130lyas D.&#x27;nin karde\u015finin oynad\u0131\u011f\u0131 tabanca kazara ate\u015flendi. Tabancadan \u00e7\u0131kan mermi, \u0130lyas D.&#x27;ye isabet etti. \u0130hbarla olay yerine sa\u011fl\u0131k ve polis ekipleri sevk edildi.<\/p>\n<p>\u0130lyas D., sa\u011fl\u0131k ekibinin m\u00fcdahalesinin ard\u0131ndan Gazi Ya\u015fargil E\u011fitim ve Ara\u015ft\u0131rma Hastanesi&#x27;ne kald\u0131r\u0131ld\u0131. \u0130lyas D., d\u00fcn ya\u015fam\u0131n\u0131 yitirdi. K\u00fc\u00e7\u00fck \u00e7ocu\u011fun cans\u0131z bedeni otopsinin ard\u0131ndan Yenik\u00f6y Mezarl\u0131\u011f\u0131&#x27;na defnedildi.<\/p>\n<p>Olayla ilgili soru\u015fturma s\u00fcr\u00fcyor.<\/p>\n<p>T\u00fcrkiye g\u00fcndeminden son dakika haberleri, bug\u00fcn ya\u015fanan en son geli\u015fmeler, siyaset g\u00fcndeminden g\u00fcncel haberler ve b\u00fct\u00fcn son dakika haberleri i\u00e7in H\u00fcrriyet&#x27;in internet haber sitesi hurriyet.com.tr; Hurriyet.com.tr haber i\u00e7erikleri kaynak g\u00f6sterilmeden al\u0131nt\u0131 yap\u0131lamaz, Kanuna ayk\u0131r\u0131 ve izinsiz olarak kopyalanamaz, ba\u015fka yerde yay\u0131nlanamaz.<\/p>\n","protected":false},"excerpt":{"rendered":"<p>Diyarbak\u0131r&#8217;\u0131n Yeni\u015fehir il\u00e7esinde iddiaya g\u00f6re karde\u015finin oynarken kazara ate\u015fledi\u011fi tabancadan \u00e7\u0131kan merminin isabet etti\u011fi \u0130lyas D. (3), tedavi g\u00f6rd\u00fc\u011f\u00fc&#8230;<\/p>\n","protected":false},"author":2,"featured_media":729,"comment_status":"open","ping_status":"open","sticky":false,"template":"","format":"standard","meta":{"footnotes":""},"categories":[8,6,5],"tags":[],"class_list":["post-730","post","type-post","status-publish","format-standard","has-post-thumbnail","hentry","category-arsiv","category-gundem","category-son-dakika"],"_links":{"self":[{"href":"https:\/\/eskigazeteci.com\/index.php?rest_route=\/wp\/v2\/posts\/730","targetHints":{"allow":["GET"]}}],"collection":[{"href":"https:\/\/eskigazeteci.com\/index.php?rest_route=\/wp\/v2\/posts"}],"about":[{"href":"https:\/\/eskigazeteci.com\/index.php?rest_route=\/wp\/v2\/types\/post"}],"author":[{"embeddable":true,"href":"https:\/\/eskigazeteci.com\/index.php?rest_route=\/wp\/v2\/users\/2"}],"replies":[{"embeddable":true,"href":"https:\/\/eskigazeteci.com\/index.php?rest_route=%2Fwp%2Fv2%2Fcomments&post=730"}],"version-history":[{"count":0,"href":"https:\/\/eskigazeteci.com\/index.php?rest_route=\/wp\/v2\/posts\/730\/revisions"}],"wp:featuredmedia":[{"embeddable":true,"href":"https:\/\/eskigazeteci.com\/index.php?rest_route=\/wp\/v2\/media\/729"}],"wp:attachment":[{"href":"https:\/\/eskigazeteci.com\/index.php?rest_route=%2Fwp%2Fv2%2Fmedia&parent=730"}],"wp:term":[{"taxonomy":"category","embeddable":true,"href":"https:\/\/eskigazeteci.com\/index.php?rest_route=%2Fwp%2Fv2%2Fcategories&post=730"},{"taxonomy":"post_tag","embeddable":true,"href":"https:\/\/eskigazeteci.com\/index.php?rest_route=%2Fwp%2Fv2%2Ftags&post=730"}],"curies":[{"name":"wp","href":"https:\/\/api.w.org\/{rel}","templated":true}]}}